{"id":54209,"date":"2024-05-08T14:15:44","date_gmt":"2024-05-08T20:15:44","guid":{"rendered":"https:\/\/encuentroinformativo.com.mx\/?p=54209"},"modified":"2024-05-08T14:15:50","modified_gmt":"2024-05-08T20:15:50","slug":"ola-de-calor-intensifico-apagones-en-municipios-veracruzanos","status":"publish","type":"post","link":"https:\/\/encuentroinformativo.com.mx\/?p=54209","title":{"rendered":"Ola de calor intensific\u00f3 apagones en municipios veracruzanos"},"content":{"rendered":"\n<p><strong>Juan Arcos<\/strong><\/p>\n\n\n\n<p>Xalapa, Ver.- La noche del martes 7 de mayo se reportaron apagones en varios municipios, sobre todo de las regiones norte y sur del estado de Veracruz, luego de que se declarara en estado de emergencia el Sistema El\u00e9ctrico Nacional, debido a la ola de calor en la Rep\u00fablica Mexicana.<\/p>\n\n\n\n<p>En dichas regiones han predominado temperaturas de hasta 49 grados cent\u00edgrados durante el d\u00eda, seg\u00fan informaci\u00f3n de la Secretar\u00eda de Protecci\u00f3n Civil (PC) en Veracruz, a cargo de Guadalupe Osorno Maldonado.<\/p>\n\n\n\n<p>El Centro Nacional de Control de Energ\u00eda (CENACE) lleva a cabo las acciones operativas conducentes para aligerar la carga energ\u00e9tica tras el Estado Operativo de Emergencia en el que entr\u00f3 el Sistema El\u00e9ctrico Interconectado Nacional.<\/p>\n\n\n\n<p>Mientras tanto, los pobladores del norte de Veracruz se quejan a trav\u00e9s de las redes sociales porque en algunas zonas habitacionales se han quedado sin energ\u00eda el\u00e9ctrica durante una hora y media.<\/p>\n\n\n\n<p>Esto ocurre en los municipios de \u00c1lamo Temapache, Poza Rica, Papantla, Naranjos, San Rafael, Tecolutla, Coatzintla, Tihuatl\u00e1n, Tuxpan, Cerro Azul, Guti\u00e9rrez Zamora y Chicontepec, por mencionar algunos, lo que ha generado una gran inconformidad por las altas temperaturas que alcanzaron una sensaci\u00f3n t\u00e9rmica de 53 grados cent\u00edgrados este martes.<\/p>\n\n\n\n<p>Lo anterior ha elevado el consumo de energ\u00eda el\u00e9ctrica entre los usuarios que buscan mitigar los efectos del calor extremo con sus equipos de aire acondicionado o ventiladores al interior de sus viviendas.<\/p>\n\n\n\n<p>Los apagones son de manera parcial tambi\u00e9n en los municipios de Sayula de Alem\u00e1n, Catemaco, Chinameca, Oteapan, Jaltipan, Agua Dulce, Ixhuatl\u00e1n del Sureste, Minatitl\u00e1n y Moloac\u00e1n, ubicados en la zona sur de la entidad veracruzana.<\/p>\n\n\n\n<p>En dichas localidades tambi\u00e9n se registraron elevadas temperaturas que superaron los 50 grados cent\u00edgrados de sensaci\u00f3n t\u00e9rmica, donde incluso se habla de personas fallecidas por presunto golpe de calor durante esta temporada.<br>En algunas colonias del puerto de Veracruz tambi\u00e9n hubo apagones. Incluso, se reportaron estas fallas en el servicio de energ\u00eda el\u00e9ctrica del Aeropuerto \u201cHeriberto Jara Corona\u201d.<\/p>\n\n\n\n<p>Cabe recordar que autoridades de la Secretar\u00eda de Protecci\u00f3n Civil de Veracruz alertaron a la poblaci\u00f3n debido a la intensa ola de calor previstas en diversas regiones de la entidad.<\/p>\n\n\n\n<p>De acuerdo con Federico Acevedo Rosas, jefe del Departamento de Pron\u00f3sticos Meteorol\u00f3gicos y Estacional, las m\u00e1s altas temperaturas podr\u00edan registrarse entre los d\u00edas martes 7 y el viernes 10 de mayo.<\/p>\n\n\n\n<p>Las temperaturas m\u00e1ximas previstas oscilar\u00edan entre los 46 a 49 grados Celsius en la regi\u00f3n norte, 40 a 43 grados en la costa del norte, 36 a 40 grados en la regi\u00f3n monta\u00f1osa central, incluida la regi\u00f3n de las Altas Monta\u00f1as, 31 a 34 grados en el Valle de Perote, 38 a 44 grados en la costa y planicie central y 43 a 47 grados en el sur del estado.<\/p>\n","protected":false},"excerpt":{"rendered":"<p>Juan Arcos Xalapa, Ver.- La noche del martes 7 de mayo se reportaron apagones en varios municipios, sobre todo de las regiones norte y sur del estado de Veracruz, luego de que se declarara en estado de emergencia el Sistema El\u00e9ctrico Nacional, debido a la ola de calor en la Rep\u00fablica Mexicana. En dichas regiones [&hellip;]<\/p>\n","protected":false},"author":2476,"featured_media":54210,"comment_status":"open","ping_status":"open","sticky":false,"template":"","format":"standard","meta":{"_jetpack_memberships_contains_paid_content":false,"footnotes":""},"categories":[2],"tags":[],"class_list":["post-54209","post","type-post","status-publish","format-standard","has-post-thumbnail","hentry","category-estado"],"jetpack_featured_media_url":"https:\/\/encuentroinformativo.com.mx\/wp-content\/uploads\/2024\/05\/10f57878-fc44-4d0f-818d-458f3b145f8c.jpg","jetpack_sharing_enabled":true,"jetpack_likes_enabled":true,"amp_enabled":true,"_links":{"self":[{"href":"https:\/\/encuentroinformativo.com.mx\/index.php?rest_route=\/wp\/v2\/posts\/54209","targetHints":{"allow":["GET"]}}],"collection":[{"href":"https:\/\/encuentroinformativo.com.mx\/index.php?rest_route=\/wp\/v2\/posts"}],"about":[{"href":"https:\/\/encuentroinformativo.com.mx\/index.php?rest_route=\/wp\/v2\/types\/post"}],"author":[{"embeddable":true,"href":"https:\/\/encuentroinformativo.com.mx\/index.php?rest_route=\/wp\/v2\/users\/2476"}],"replies":[{"embeddable":true,"href":"https:\/\/encuentroinformativo.com.mx\/index.php?rest_route=%2Fwp%2Fv2%2Fcomments&post=54209"}],"version-history":[{"count":1,"href":"https:\/\/encuentroinformativo.com.mx\/index.php?rest_route=\/wp\/v2\/posts\/54209\/revisions"}],"predecessor-version":[{"id":54211,"href":"https:\/\/encuentroinformativo.com.mx\/index.php?rest_route=\/wp\/v2\/posts\/54209\/revisions\/54211"}],"wp:featuredmedia":[{"embeddable":true,"href":"https:\/\/encuentroinformativo.com.mx\/index.php?rest_route=\/wp\/v2\/media\/54210"}],"wp:attachment":[{"href":"https:\/\/encuentroinformativo.com.mx\/index.php?rest_route=%2Fwp%2Fv2%2Fmedia&parent=54209"}],"wp:term":[{"taxonomy":"category","embeddable":true,"href":"https:\/\/encuentroinformativo.com.mx\/index.php?rest_route=%2Fwp%2Fv2%2Fcategories&post=54209"},{"taxonomy":"post_tag","embeddable":true,"href":"https:\/\/encuentroinformativo.com.mx\/index.php?rest_route=%2Fwp%2Fv2%2Ftags&post=54209"}],"curies":[{"name":"wp","href":"https:\/\/api.w.org\/{rel}","templated":true}]}}