{"id":54212,"date":"2024-05-08T14:27:47","date_gmt":"2024-05-08T20:27:47","guid":{"rendered":"https:\/\/encuentroinformativo.com.mx\/?p=54212"},"modified":"2024-05-08T14:27:52","modified_gmt":"2024-05-08T20:27:52","slug":"se-necesita-critica-constructiva-adrian-avila","status":"publish","type":"post","link":"https:\/\/encuentroinformativo.com.mx\/?p=54212","title":{"rendered":"Se necesita cr\u00edtica constructiva: Adri\u00e1n \u00c1vila"},"content":{"rendered":"\n<p><strong>Dar\u00edo Pale <\/strong><\/p>\n\n\n\n<p>Xalapa, Ver.- Para enfrentar los problemas que aquejan a Veracruz es necesario olvidarse de colores y siglas partidistas, as\u00ed lo dio a conocer Adri\u00e1n \u00c1vila Estrada, candidato plurinominal a la diputaci\u00f3n local por Movimiento Ciudadano.<\/p>\n\n\n\n<p>En entrevista previa a una reuni\u00f3n con empresarios en esta capital, consider\u00f3 que se debe impulsar lo que est\u00e9 bien y lo que est\u00e9 mal se debe se\u00f1alar.<\/p>\n\n\n\n<p>Aclar\u00f3 que no debe existir una cr\u00edtica destructiva, sino una cr\u00edtica constructiva, que corrija el rumbo, para lo cual se debe echar mano del di\u00e1logo en el Congreso local y con las autoridades de todos los niveles de Gobierno.<\/p>\n\n\n\n<p>Record\u00f3 que se incorpor\u00f3 a MC desde 2005 cuando fue candidato a diputado federal por el distrito de Boca del R\u00edo.<\/p>\n\n\n\n<p>A lo largo de su trayectoria en MC, mencion\u00f3 que compiti\u00f3 por la alcald\u00eda de dicho municipio.<\/p>\n\n\n\n<p>Puntualiz\u00f3 que al ser candidato plurinominal se ha dedicado a acompa\u00f1ar a sus otros compa\u00f1eros candidatos a los distintos cargos de elecci\u00f3n popular.<\/p>\n\n\n\n<p>Finalmente dio a conocer que, &#8220;acompa\u00f1\u00e1ndolos percibiendo las necesidades, el tema de la seguridad, el tema del agua, la generaci\u00f3n de empleos, son muy diversas las necesidades en cada regi\u00f3n del Estado&#8221;.<\/p>\n","protected":false},"excerpt":{"rendered":"<p>Dar\u00edo Pale Xalapa, Ver.- Para enfrentar los problemas que aquejan a Veracruz es necesario olvidarse de colores y siglas partidistas, as\u00ed lo dio a conocer Adri\u00e1n \u00c1vila Estrada, candidato plurinominal a la diputaci\u00f3n local por Movimiento Ciudadano. En entrevista previa a una reuni\u00f3n con empresarios en esta capital, consider\u00f3 que se debe impulsar lo que [&hellip;]<\/p>\n","protected":false},"author":2476,"featured_media":54213,"comment_status":"open","ping_status":"open","sticky":false,"template":"","format":"standard","meta":{"_jetpack_memberships_contains_paid_content":false,"footnotes":""},"categories":[2],"tags":[],"class_list":["post-54212","post","type-post","status-publish","format-standard","has-post-thumbnail","hentry","category-estado"],"jetpack_featured_media_url":"https:\/\/encuentroinformativo.com.mx\/wp-content\/uploads\/2024\/05\/IMG-20240508-WA0066.jpg","jetpack_sharing_enabled":true,"jetpack_likes_enabled":true,"amp_enabled":true,"_links":{"self":[{"href":"https:\/\/encuentroinformativo.com.mx\/index.php?rest_route=\/wp\/v2\/posts\/54212","targetHints":{"allow":["GET"]}}],"collection":[{"href":"https:\/\/encuentroinformativo.com.mx\/index.php?rest_route=\/wp\/v2\/posts"}],"about":[{"href":"https:\/\/encuentroinformativo.com.mx\/index.php?rest_route=\/wp\/v2\/types\/post"}],"author":[{"embeddable":true,"href":"https:\/\/encuentroinformativo.com.mx\/index.php?rest_route=\/wp\/v2\/users\/2476"}],"replies":[{"embeddable":true,"href":"https:\/\/encuentroinformativo.com.mx\/index.php?rest_route=%2Fwp%2Fv2%2Fcomments&post=54212"}],"version-history":[{"count":1,"href":"https:\/\/encuentroinformativo.com.mx\/index.php?rest_route=\/wp\/v2\/posts\/54212\/revisions"}],"predecessor-version":[{"id":54214,"href":"https:\/\/encuentroinformativo.com.mx\/index.php?rest_route=\/wp\/v2\/posts\/54212\/revisions\/54214"}],"wp:featuredmedia":[{"embeddable":true,"href":"https:\/\/encuentroinformativo.com.mx\/index.php?rest_route=\/wp\/v2\/media\/54213"}],"wp:attachment":[{"href":"https:\/\/encuentroinformativo.com.mx\/index.php?rest_route=%2Fwp%2Fv2%2Fmedia&parent=54212"}],"wp:term":[{"taxonomy":"category","embeddable":true,"href":"https:\/\/encuentroinformativo.com.mx\/index.php?rest_route=%2Fwp%2Fv2%2Fcategories&post=54212"},{"taxonomy":"post_tag","embeddable":true,"href":"https:\/\/encuentroinformativo.com.mx\/index.php?rest_route=%2Fwp%2Fv2%2Ftags&post=54212"}],"curies":[{"name":"wp","href":"https:\/\/api.w.org\/{rel}","templated":true}]}}