{"id":54215,"date":"2024-05-08T14:37:03","date_gmt":"2024-05-08T20:37:03","guid":{"rendered":"https:\/\/encuentroinformativo.com.mx\/?p=54215"},"modified":"2024-05-08T14:37:09","modified_gmt":"2024-05-08T20:37:09","slug":"buscara-candidata-aumentar-escuelas-en-medellin-de-bravo","status":"publish","type":"post","link":"https:\/\/encuentroinformativo.com.mx\/?p=54215","title":{"rendered":"Buscar\u00e1 candidata aumentar escuelas en Medell\u00edn de Bravo"},"content":{"rendered":"\n<p><strong>Alejandro \u00c1vila<\/strong><\/p>\n\n\n\n<p>Medell\u00edn de Bravo, Ver.- Indira Rosales San Rom\u00e1n, candidata a la diputaci\u00f3n local por el Distrito 16 de la alianza &#8220;Fuerza y Coraz\u00f3n por Veracruz&#8221;, mencion\u00f3 que buscar\u00e1n incrementar el n\u00famero de escuelas en el municipio de Medell\u00edn de Bravo.<\/p>\n\n\n\n<p>El incremento de poblaci\u00f3n en la localidad de El Tejar y en los fraccionamientos Puente Moreno, Lagos de Puente Moreno y Arboledas San Ram\u00f3n, ha generado un d\u00e9ficit de espacios escolares, por lo cual muchos ni\u00f1os y adolescentes tienen que salir a estudiar a municipios aleda\u00f1os, y eso genera un gasto extra en la econom\u00eda familiar.<\/p>\n\n\n\n<p>&#8220;Medell\u00edn ha crecido de una forma exponencial, toda la franja de Puente Moreno, necesitamos tambi\u00e9n mayor infraestructura en materia escolar, hacen falta escuelas en El Tejar, hacen falta escuelas en Puente Moreno, no se dan abasto a las matr\u00edculas de las escuelas primarias, incluso del jard\u00edn de ni\u00f1os. La gente tiene que llevar a sus hijos a Boca del R\u00edo o a Veracruz a la escuela, y eso implica tiempo pero sobre todo implica recurso en transporte publico&#8221;, puntualiz\u00f3.<\/p>\n\n\n\n<p>El pasado 21 de febrero del 2024, la propia delegada de la Secretar\u00eda de Educaci\u00f3n de Veracruz, Diana Santiago Huesca, confirm\u00f3 que existe una saturaci\u00f3n en los turnos matutinos y vespertinos del nivel primario; por lo muchos de los peque\u00f1os que egresan no encuentran espacio en las secundarias de la zona, y tienen que emigrar a Veracruz Boca del R\u00edo.<\/p>\n","protected":false},"excerpt":{"rendered":"<p>Alejandro \u00c1vila Medell\u00edn de Bravo, Ver.- Indira Rosales San Rom\u00e1n, candidata a la diputaci\u00f3n local por el Distrito 16 de la alianza &#8220;Fuerza y Coraz\u00f3n por Veracruz&#8221;, mencion\u00f3 que buscar\u00e1n incrementar el n\u00famero de escuelas en el municipio de Medell\u00edn de Bravo. El incremento de poblaci\u00f3n en la localidad de El Tejar y en los [&hellip;]<\/p>\n","protected":false},"author":2476,"featured_media":54216,"comment_status":"open","ping_status":"open","sticky":false,"template":"","format":"standard","meta":{"_jetpack_memberships_contains_paid_content":false,"footnotes":""},"categories":[2],"tags":[],"class_list":["post-54215","post","type-post","status-publish","format-standard","has-post-thumbnail","hentry","category-estado"],"jetpack_featured_media_url":"https:\/\/encuentroinformativo.com.mx\/wp-content\/uploads\/2024\/05\/IMG-20240508-WA0075.jpg","jetpack_sharing_enabled":true,"jetpack_likes_enabled":true,"amp_enabled":true,"_links":{"self":[{"href":"https:\/\/encuentroinformativo.com.mx\/index.php?rest_route=\/wp\/v2\/posts\/54215","targetHints":{"allow":["GET"]}}],"collection":[{"href":"https:\/\/encuentroinformativo.com.mx\/index.php?rest_route=\/wp\/v2\/posts"}],"about":[{"href":"https:\/\/encuentroinformativo.com.mx\/index.php?rest_route=\/wp\/v2\/types\/post"}],"author":[{"embeddable":true,"href":"https:\/\/encuentroinformativo.com.mx\/index.php?rest_route=\/wp\/v2\/users\/2476"}],"replies":[{"embeddable":true,"href":"https:\/\/encuentroinformativo.com.mx\/index.php?rest_route=%2Fwp%2Fv2%2Fcomments&post=54215"}],"version-history":[{"count":1,"href":"https:\/\/encuentroinformativo.com.mx\/index.php?rest_route=\/wp\/v2\/posts\/54215\/revisions"}],"predecessor-version":[{"id":54217,"href":"https:\/\/encuentroinformativo.com.mx\/index.php?rest_route=\/wp\/v2\/posts\/54215\/revisions\/54217"}],"wp:featuredmedia":[{"embeddable":true,"href":"https:\/\/encuentroinformativo.com.mx\/index.php?rest_route=\/wp\/v2\/media\/54216"}],"wp:attachment":[{"href":"https:\/\/encuentroinformativo.com.mx\/index.php?rest_route=%2Fwp%2Fv2%2Fmedia&parent=54215"}],"wp:term":[{"taxonomy":"category","embeddable":true,"href":"https:\/\/encuentroinformativo.com.mx\/index.php?rest_route=%2Fwp%2Fv2%2Fcategories&post=54215"},{"taxonomy":"post_tag","embeddable":true,"href":"https:\/\/encuentroinformativo.com.mx\/index.php?rest_route=%2Fwp%2Fv2%2Ftags&post=54215"}],"curies":[{"name":"wp","href":"https:\/\/api.w.org\/{rel}","templated":true}]}}