{"id":54221,"date":"2024-05-08T14:47:24","date_gmt":"2024-05-08T20:47:24","guid":{"rendered":"https:\/\/encuentroinformativo.com.mx\/?p=54221"},"modified":"2024-05-08T14:47:29","modified_gmt":"2024-05-08T20:47:29","slug":"presume-sheinbaum-aceptacion-en-los-jovenes","status":"publish","type":"post","link":"https:\/\/encuentroinformativo.com.mx\/?p=54221","title":{"rendered":"Presume Sheinbaum aceptaci\u00f3n en los j\u00f3venes"},"content":{"rendered":"\n<p><strong>Alejandro \u00c1vila<\/strong><\/p>\n\n\n\n<p>Veracruz, Ver.- En los ejercicios del voto que se han realizado en las universidades de M\u00e9xico, la ganadora ha sido la candidata de Morena, Claudia Sheinbaum Pardo; mientras que en el segundo lugar se ha posicionado el candidato del Movimiento Ciudadano, Jorge \u00c1lvarez Maynez.<\/p>\n\n\n\n<p>La presidenciable asegur\u00f3 que su proyecto se ha enfocado en los j\u00f3venes, por lo cual ha logrado la percepci\u00f3n positiva en el grupo estudiantil universitario.<\/p>\n\n\n\n<p>\u201cLas razones m\u00e1s bien por las cuales tenemos aceptaci\u00f3n en los j\u00f3venes, son: primer lugar, el propio proyecto de transformaci\u00f3n y lo que significa para la juventud y para la esperanza en el pa\u00eds, el cambio que inici\u00f3 el presidente Andr\u00e9s Manuel L\u00f3pez Obrador es parte del cambio que est\u00e1n viviendo las y los j\u00f3venes en M\u00e9xico; segundo, propuesta incluye los j\u00f3venes, en primer lugar, nuestra propuesta siempre ha sido educaci\u00f3n para los j\u00f3venes, vivienda para los j\u00f3venes, opciones de vida para los j\u00f3venes, empleo para los j\u00f3venes, y tambi\u00e9n un pa\u00eds igualitario\u201d, dijo.<\/p>\n\n\n\n<p>En rueda de prensa en Boca del R\u00edo, previo a la gira por la zona monta\u00f1osa central de Veracruz, afirm\u00f3 que se mantienen arriba en las encuestas y la expectativa en Veracruz es arriba del 20 por ciento.<\/p>\n\n\n\n<p>La aspirante de Morena, reiter\u00f3 su preocupaci\u00f3n porque solo entre el 30 y 40 por ciento de la poblaci\u00f3n sabe de la fecha de la elecci\u00f3n, por ello, han reforzado la comunicaci\u00f3n sobre el 2 de junio.<\/p>\n\n\n\n<p>Por ello, la importancia de que el Instituto Nacional Electoral, tome acciones en este sentido.<\/p>\n\n\n\n<p>\u201cHace falta que digan vota el 2 de junio, vota el 2 de junio, vota el 2 de junio, vota el 2 de junio con cancioncita y todo\u201d.<\/p>\n\n\n\n<p>Comprometi\u00f3 mantener el apoyo al sur-sureste con 12 polos paga el Bienestar con proyectos de conexi\u00f3n a\u00e9rea, ferroviaria y terrestre.<\/p>\n\n\n\n<p>Asimismo plante\u00f3 la reactivaci\u00f3n de la petroqu\u00edmica en el estado.<\/p>\n","protected":false},"excerpt":{"rendered":"<p>Alejandro \u00c1vila Veracruz, Ver.- En los ejercicios del voto que se han realizado en las universidades de M\u00e9xico, la ganadora ha sido la candidata de Morena, Claudia Sheinbaum Pardo; mientras que en el segundo lugar se ha posicionado el candidato del Movimiento Ciudadano, Jorge \u00c1lvarez Maynez. La presidenciable asegur\u00f3 que su proyecto se ha enfocado [&hellip;]<\/p>\n","protected":false},"author":2476,"featured_media":54222,"comment_status":"open","ping_status":"open","sticky":false,"template":"","format":"standard","meta":{"_jetpack_memberships_contains_paid_content":false,"footnotes":""},"categories":[2],"tags":[],"class_list":["post-54221","post","type-post","status-publish","format-standard","has-post-thumbnail","hentry","category-estado"],"jetpack_featured_media_url":"https:\/\/encuentroinformativo.com.mx\/wp-content\/uploads\/2024\/05\/IMG-20240508-WA00732.jpg","jetpack_sharing_enabled":true,"jetpack_likes_enabled":true,"amp_enabled":true,"_links":{"self":[{"href":"https:\/\/encuentroinformativo.com.mx\/index.php?rest_route=\/wp\/v2\/posts\/54221","targetHints":{"allow":["GET"]}}],"collection":[{"href":"https:\/\/encuentroinformativo.com.mx\/index.php?rest_route=\/wp\/v2\/posts"}],"about":[{"href":"https:\/\/encuentroinformativo.com.mx\/index.php?rest_route=\/wp\/v2\/types\/post"}],"author":[{"embeddable":true,"href":"https:\/\/encuentroinformativo.com.mx\/index.php?rest_route=\/wp\/v2\/users\/2476"}],"replies":[{"embeddable":true,"href":"https:\/\/encuentroinformativo.com.mx\/index.php?rest_route=%2Fwp%2Fv2%2Fcomments&post=54221"}],"version-history":[{"count":1,"href":"https:\/\/encuentroinformativo.com.mx\/index.php?rest_route=\/wp\/v2\/posts\/54221\/revisions"}],"predecessor-version":[{"id":54223,"href":"https:\/\/encuentroinformativo.com.mx\/index.php?rest_route=\/wp\/v2\/posts\/54221\/revisions\/54223"}],"wp:featuredmedia":[{"embeddable":true,"href":"https:\/\/encuentroinformativo.com.mx\/index.php?rest_route=\/wp\/v2\/media\/54222"}],"wp:attachment":[{"href":"https:\/\/encuentroinformativo.com.mx\/index.php?rest_route=%2Fwp%2Fv2%2Fmedia&parent=54221"}],"wp:term":[{"taxonomy":"category","embeddable":true,"href":"https:\/\/encuentroinformativo.com.mx\/index.php?rest_route=%2Fwp%2Fv2%2Fcategories&post=54221"},{"taxonomy":"post_tag","embeddable":true,"href":"https:\/\/encuentroinformativo.com.mx\/index.php?rest_route=%2Fwp%2Fv2%2Ftags&post=54221"}],"curies":[{"name":"wp","href":"https:\/\/api.w.org\/{rel}","templated":true}]}}