{"id":54224,"date":"2024-05-08T14:51:33","date_gmt":"2024-05-08T20:51:33","guid":{"rendered":"https:\/\/encuentroinformativo.com.mx\/?p=54224"},"modified":"2024-05-08T14:51:37","modified_gmt":"2024-05-08T20:51:37","slug":"mas-liderazgos-se-suman-a-pepe-y-americo","status":"publish","type":"post","link":"https:\/\/encuentroinformativo.com.mx\/?p=54224","title":{"rendered":"M\u00e1s liderazgos se suman a Pepe y Am\u00e9rico"},"content":{"rendered":"\n<p>Xalapa, Ver.- M\u00e1s liderazgos se suman a la coalici\u00f3n Fuerza y Coraz\u00f3n por M\u00e9xico y Veracruz, mientras que Morena se hunde cada d\u00eda m\u00e1s, indic\u00f3 Rom\u00e1n Moreno, candidato suplente a la diputaci\u00f3n federal por Xalapa.<\/p>\n\n\n\n<p>Al anunciar la incorporaci\u00f3n de \u00d3scar Garrido y otros liderazgos, se\u00f1al\u00f3 que muchas personas, as\u00ed como aspirantes han sido utilizados por Morena, adem\u00e1s de que la sociedad en general fue enga\u00f1ada.<\/p>\n\n\n\n<p>De manera que, dijo, \u00d3scar Garrido responde al llamado que se hizo anteriormente para que quienes hayan sido malvalorados por Morena se sumaran a la alianza del PRI, PAN y PRD.<\/p>\n\n\n\n<p>&#8220;Esta es una muestra m\u00e1s de que el proyecto de Pepe Yunes y Am\u00e9rico Z\u00fa\u00f1iga est\u00e1 muy s\u00f3lido. No cabe la menor duda de que vamos a ganar con la suma de todos y de quienes hoy alzan la mano&#8221;.<\/p>\n\n\n\n<p>Rom\u00e1n Moreno coment\u00f3 que la suma de \u00d3scar Garrido, ser\u00e1 de mucha utilidad para la zona, sobre todo, para las mismas comunidades.<\/p>\n\n\n\n<p>Adem\u00e1s, hizo un exhorto a todos los xalape\u00f1os y veracruzanos a que salgan y acudan a votar el pr\u00f3ximo 2 de junio.<\/p>\n\n\n\n<p>Por su parte, Oscar Garrido se\u00f1al\u00f3 que \u00e9l fue precandidato de Morena a la diputaci\u00f3n local por Xalapa y a pesar de contar con trabajo partidista y tener formaci\u00f3n, lo dejaron fuera.<\/p>\n\n\n\n<p>Record\u00f3 que en el proceso interno de Morena hicieron a un lado a quienes realmente trabajaron, gestionaron y canalizaron a la gente, &#8220;tocamos muchas puertas, nos abrieron en muchas casas&#8221;.<\/p>\n\n\n\n<p>Adem\u00e1s, acus\u00f3 que nunca vio a Dorheny Garc\u00eda Cayetano ni a Antonio Ballesteros Grayeb en ninguna parte. Ni en los cursos de Morena, ni en la calle, ni en el cara a cara con la ciudadan\u00eda.<\/p>\n\n\n\n<p>Asimismo, record\u00f3 que el trabajo de convencimiento lo viene haciendo desde hace tres a\u00f1os y la gente se ha sumado.<\/p>\n\n\n\n<p>Por ello, cuestion\u00f3 que \u00e9l cuando fue precandidato acudi\u00f3 a todos los cursos, se prepar\u00f3 y cumpli\u00f3 con todos los requisitos, pero fue relegado.<\/p>\n\n\n\n<p>Finalmente, indic\u00f3 que a pesar de carecer de un cargo, siempre ha gestionado diferentes cosas en beneficio de la poblaci\u00f3n, mientras que quienes hoy son candidatas o candidatos de Morena no son gestores de necesidades de la ciudadan\u00eda.<\/p>\n","protected":false},"excerpt":{"rendered":"<p>Xalapa, Ver.- M\u00e1s liderazgos se suman a la coalici\u00f3n Fuerza y Coraz\u00f3n por M\u00e9xico y Veracruz, mientras que Morena se hunde cada d\u00eda m\u00e1s, indic\u00f3 Rom\u00e1n Moreno, candidato suplente a la diputaci\u00f3n federal por Xalapa. Al anunciar la incorporaci\u00f3n de \u00d3scar Garrido y otros liderazgos, se\u00f1al\u00f3 que muchas personas, as\u00ed como aspirantes han sido utilizados [&hellip;]<\/p>\n","protected":false},"author":2476,"featured_media":54225,"comment_status":"open","ping_status":"open","sticky":false,"template":"","format":"standard","meta":{"_jetpack_memberships_contains_paid_content":false,"footnotes":""},"categories":[3],"tags":[],"class_list":["post-54224","post","type-post","status-publish","format-standard","has-post-thumbnail","hentry","category-xalapa"],"jetpack_featured_media_url":"https:\/\/encuentroinformativo.com.mx\/wp-content\/uploads\/2024\/05\/IMG-20240508-WA0094-scaled.jpg","jetpack_sharing_enabled":true,"jetpack_likes_enabled":true,"amp_enabled":true,"_links":{"self":[{"href":"https:\/\/encuentroinformativo.com.mx\/index.php?rest_route=\/wp\/v2\/posts\/54224","targetHints":{"allow":["GET"]}}],"collection":[{"href":"https:\/\/encuentroinformativo.com.mx\/index.php?rest_route=\/wp\/v2\/posts"}],"about":[{"href":"https:\/\/encuentroinformativo.com.mx\/index.php?rest_route=\/wp\/v2\/types\/post"}],"author":[{"embeddable":true,"href":"https:\/\/encuentroinformativo.com.mx\/index.php?rest_route=\/wp\/v2\/users\/2476"}],"replies":[{"embeddable":true,"href":"https:\/\/encuentroinformativo.com.mx\/index.php?rest_route=%2Fwp%2Fv2%2Fcomments&post=54224"}],"version-history":[{"count":1,"href":"https:\/\/encuentroinformativo.com.mx\/index.php?rest_route=\/wp\/v2\/posts\/54224\/revisions"}],"predecessor-version":[{"id":54226,"href":"https:\/\/encuentroinformativo.com.mx\/index.php?rest_route=\/wp\/v2\/posts\/54224\/revisions\/54226"}],"wp:featuredmedia":[{"embeddable":true,"href":"https:\/\/encuentroinformativo.com.mx\/index.php?rest_route=\/wp\/v2\/media\/54225"}],"wp:attachment":[{"href":"https:\/\/encuentroinformativo.com.mx\/index.php?rest_route=%2Fwp%2Fv2%2Fmedia&parent=54224"}],"wp:term":[{"taxonomy":"category","embeddable":true,"href":"https:\/\/encuentroinformativo.com.mx\/index.php?rest_route=%2Fwp%2Fv2%2Fcategories&post=54224"},{"taxonomy":"post_tag","embeddable":true,"href":"https:\/\/encuentroinformativo.com.mx\/index.php?rest_route=%2Fwp%2Fv2%2Ftags&post=54224"}],"curies":[{"name":"wp","href":"https:\/\/api.w.org\/{rel}","templated":true}]}}