{"id":54230,"date":"2024-05-08T17:16:14","date_gmt":"2024-05-08T23:16:14","guid":{"rendered":"https:\/\/encuentroinformativo.com.mx\/?p=54230"},"modified":"2024-05-08T17:16:19","modified_gmt":"2024-05-08T23:16:19","slug":"puertas-abiertas-a-todos-los-aspirantes-afirman-empresarios","status":"publish","type":"post","link":"https:\/\/encuentroinformativo.com.mx\/?p=54230","title":{"rendered":"Puertas abiertas a todos los aspirantes, afirman empresarios"},"content":{"rendered":"\n<p><strong>Dar\u00edo Pale <\/strong><\/p>\n\n\n\n<p>Xalapa, Ver.- Los empresarios han abierto las puertas a todos los aspirantes a los distintos cargos de elecci\u00f3n popular, as\u00ed lo dio a conocer el presidente del Consejo Empresarial \u00a0Metropolitano de Xalapa (CEM), Fernando Arana Watty.<\/p>\n\n\n\n<p>En entrevista se\u00f1al\u00f3 que, &#8220;as\u00ed poder escuchar sus propuestas y que escuchen parte de lo que tambi\u00e9n podemos aportar para el desarrollo de este gran estado que es Veracruz&#8221;.<\/p>\n\n\n\n<p>Record\u00f3 que cada seis a\u00f1os buscan el acercamiento con todos los candidatos para conocer a quienes buscan el voto del electorado.<\/p>\n\n\n\n<p>&#8220;Porque son quienes van a gobernar los pr\u00f3ximos a\u00f1os, los que van a dictar las pol\u00edticas para los pr\u00f3ximos a\u00f1os y van a llevar el camino del Estado, de ah\u00ed la importancia porque influyen directamente en nuestra vida&#8221;, se\u00f1al\u00f3.<\/p>\n\n\n\n<p>Insisti\u00f3 que el consejo empresarial han invitado a todos, s\u00f3lo falta que confirme la candidata de Morena, Roc\u00edo Nahle Garc\u00eda.<\/p>\n\n\n\n<p>Expuso que no les han dado una fecha espec\u00edfica, s\u00f3lo les dijeron que puede ser en la primera quincena de mayo.<\/p>\n\n\n\n<p>Finalmente coment\u00f3 que, una vez que les confirmen su asistencia podr\u00e1n invitar a toda la clase empresarial, ya que entre m\u00e1s tiempo, mejor se puede coordinar con los presidentes de c\u00e1maras.<\/p>\n","protected":false},"excerpt":{"rendered":"<p>Dar\u00edo Pale Xalapa, Ver.- Los empresarios han abierto las puertas a todos los aspirantes a los distintos cargos de elecci\u00f3n popular, as\u00ed lo dio a conocer el presidente del Consejo Empresarial \u00a0Metropolitano de Xalapa (CEM), Fernando Arana Watty. En entrevista se\u00f1al\u00f3 que, &#8220;as\u00ed poder escuchar sus propuestas y que escuchen parte de lo que tambi\u00e9n [&hellip;]<\/p>\n","protected":false},"author":2476,"featured_media":54231,"comment_status":"open","ping_status":"open","sticky":false,"template":"","format":"standard","meta":{"_jetpack_memberships_contains_paid_content":false,"footnotes":""},"categories":[3],"tags":[],"class_list":["post-54230","post","type-post","status-publish","format-standard","has-post-thumbnail","hentry","category-xalapa"],"jetpack_featured_media_url":"https:\/\/encuentroinformativo.com.mx\/wp-content\/uploads\/2024\/05\/IMG-20240508-WA0116.jpg","jetpack_sharing_enabled":true,"jetpack_likes_enabled":true,"amp_enabled":true,"_links":{"self":[{"href":"https:\/\/encuentroinformativo.com.mx\/index.php?rest_route=\/wp\/v2\/posts\/54230","targetHints":{"allow":["GET"]}}],"collection":[{"href":"https:\/\/encuentroinformativo.com.mx\/index.php?rest_route=\/wp\/v2\/posts"}],"about":[{"href":"https:\/\/encuentroinformativo.com.mx\/index.php?rest_route=\/wp\/v2\/types\/post"}],"author":[{"embeddable":true,"href":"https:\/\/encuentroinformativo.com.mx\/index.php?rest_route=\/wp\/v2\/users\/2476"}],"replies":[{"embeddable":true,"href":"https:\/\/encuentroinformativo.com.mx\/index.php?rest_route=%2Fwp%2Fv2%2Fcomments&post=54230"}],"version-history":[{"count":1,"href":"https:\/\/encuentroinformativo.com.mx\/index.php?rest_route=\/wp\/v2\/posts\/54230\/revisions"}],"predecessor-version":[{"id":54232,"href":"https:\/\/encuentroinformativo.com.mx\/index.php?rest_route=\/wp\/v2\/posts\/54230\/revisions\/54232"}],"wp:featuredmedia":[{"embeddable":true,"href":"https:\/\/encuentroinformativo.com.mx\/index.php?rest_route=\/wp\/v2\/media\/54231"}],"wp:attachment":[{"href":"https:\/\/encuentroinformativo.com.mx\/index.php?rest_route=%2Fwp%2Fv2%2Fmedia&parent=54230"}],"wp:term":[{"taxonomy":"category","embeddable":true,"href":"https:\/\/encuentroinformativo.com.mx\/index.php?rest_route=%2Fwp%2Fv2%2Fcategories&post=54230"},{"taxonomy":"post_tag","embeddable":true,"href":"https:\/\/encuentroinformativo.com.mx\/index.php?rest_route=%2Fwp%2Fv2%2Ftags&post=54230"}],"curies":[{"name":"wp","href":"https:\/\/api.w.org\/{rel}","templated":true}]}}