{"id":54236,"date":"2024-05-09T09:24:23","date_gmt":"2024-05-09T15:24:23","guid":{"rendered":"https:\/\/encuentroinformativo.com.mx\/?p=54236"},"modified":"2024-05-09T09:24:28","modified_gmt":"2024-05-09T15:24:28","slug":"dante-tiene-barrio","status":"publish","type":"post","link":"https:\/\/encuentroinformativo.com.mx\/?p=54236","title":{"rendered":"DANTE TIENE BARRIO"},"content":{"rendered":"\n<p><strong>Los Pol\u00edticos<\/strong><\/p>\n\n\n\n<p><strong>Salvador Mu\u00f1oz<\/strong><\/p>\n\n\n\n<p>\u00a1Marcus Aurelius!, me contesta y es seguro que si se hubiera tenido efectos especiales en ese momento, habr\u00eda aparecido una \u00a1espantosa equis! y no de X\u00f3chitl precisamente.<\/p>\n\n\n\n<p>La pregunta viene antecedida a una entrevista que le hicieron donde presum\u00eda haber visto varias veces su pel\u00edcula favorita: \u00a1El Gladiador!<\/p>\n\n\n\n<p>En mi caso, no es una entrevista, sino una pl\u00e1tica con Dante Delgado Morales, el cordob\u00e9s, el pol\u00edtico, el cuate que conoc\u00ed a principios de marzo.<\/p>\n\n\n\n<p>El pol\u00edtico habla del crecimiento de M\u00e1ynez entre los j\u00f3venes al no empatar este sector poblacional con \u201cla vieja pol\u00edtica\u201d&#8230;<\/p>\n\n\n\n<p>\u2013No temes que la Oposici\u00f3n te acuse de violencia pol\u00edtica de g\u00e9nero por aquello de \u201cla vieja pol\u00edtica\u201d?\u2013 Se le bromea, y responde:<\/p>\n\n\n\n<p>\u2013Entonces hablemos de la pandemia de los corruptos, de los mentirosos, que tanto afect\u00f3 a los pobres\u2026 nos dijeron que nos cuid\u00e1ramos del Covid, pero no de esta \u201cpandemia\u201d, aunque para \u00e9sta, \u00a1la vacuna es Movimiento Ciudadano!<\/p>\n\n\n\n<p>El cuate se muere de la risa cuando le pregunto: \u201cViol\u00edn o flauta\u201d. Trata de escudri\u00f1ar con su mirada, entre risa y risa, la trampa en la pregunta y al no saber qu\u00e9 responder, le digo lo que le gusta: \u00a1El Viol\u00edn! Y no, no es ninguna alusi\u00f3n hacia alguno de sus contendientes por el Senado\u2026 le cito un nombre: \u201cDaniel Jang\u201d y reacciona con un \u201c\u00a1Ah, t\u00fa s\u00ed sabes!\u201d.<\/p>\n\n\n\n<p>(Daniel Jang es un violinista de Nueva Jersey; en especial me gustan sus adaptaciones como Radioactive de Imagine Dragons)<\/p>\n\n\n\n<p>El pol\u00edtico habla de la migraci\u00f3n en Veracruz, y de acuerdo a datos duros, en los \u00faltimos a\u00f1os, dos millones de veracruzanos han buscado suerte allende las fronteras\u2026<\/p>\n\n\n\n<p>Aqu\u00ed, como dijimos ayer, m\u00e1s r\u00e1pido que chamaco en su primera vez, hacemos sumas: dos millones de migrantes y 5 millones en pobreza, el panorama para Veracruz es desalentador.<\/p>\n\n\n\n<p>Dante ampl\u00eda el escenario: A esta migraci\u00f3n y a esta pobreza, se suman la desintegraci\u00f3n familiar, la falta de valores, y en algunos casos, hasta la delincuencia. La apuesta de Movimiento Ciudadano se enfoca a prevenir todo esto, inyect\u00e1ndole a la econom\u00eda, a los valores y a la educaci\u00f3n.<\/p>\n\n\n\n<p>\u00bfAlvarado o C\u00f3rdoba? Dubita\u2026 \u00c9l naci\u00f3 en la Ciudad de los 30 Caballeros, y su padre en Alvarado\u2026 Al final, declina por el lugar donde en estos momentos tiene su domicilio: Alvarado\u2026 lo que da lugar \u00a1unos albures!<\/p>\n\n\n\n<p>\u2013\u00bfQu\u00e9 le recomiendas a tus contrincantes? \u00bfT\u00e9, Yakult o Leche?<\/p>\n\n\n\n<p>Antes de responder, le entra la risa nuevamente\u2026 pero se sobrepone y dice: \u201c\u00a1Me voy m\u00e1s all\u00e1! Tengo una amiga que se dedica a vender una de las cosas que dices, y le dicen la Yakulera\u201d&#8230;<\/p>\n\n\n\n<p>S\u00ed, Dante tiene barrio.<\/p>\n\n\n\n<p>\u2013\u00bfLas nueces o las pasas?<\/p>\n\n\n\n<p>\u2013\u00bfPara qu\u00e9? \u00a1Depende la ocasi\u00f3n!<\/p>\n\n\n\n<p>Y llegamos al principio de esta pl\u00e1tica, cuando le pregunto sobre su pel\u00edcula favorita, la que seg\u00fan en entrevista, ha visto varias ocasiones: \u00bfC\u00f3mo se llama el protagonista de Gladiador? Y responde muy seguro:<\/p>\n\n\n\n<p>\u201c\u00a1Marcus Aurelius!\u201d<\/p>\n\n\n\n<p>\u00a1Tache!<\/p>\n\n\n\n<p>&#8220;Me llamo M\u00e1ximo D\u00e9cimo Meridio, Comandante de los ej\u00e9rcitos del Norte; General de las legiones F\u00e9lix; Leal servidor del verdadero emperador Marco Aurelio; Padre de un hijo asesinado; Marido de una mujer asesinada; y alcanzar\u00e9 mi venganza en esta vida o en la otra\u201d&#8230;<\/p>\n\n\n\n<p>Promete ver de nuevo la pel\u00edcula\u2026<\/p>\n","protected":false},"excerpt":{"rendered":"<p>Los Pol\u00edticos Salvador Mu\u00f1oz \u00a1Marcus Aurelius!, me contesta y es seguro que si se hubiera tenido efectos especiales en ese momento, habr\u00eda aparecido una \u00a1espantosa equis! y no de X\u00f3chitl precisamente. La pregunta viene antecedida a una entrevista que le hicieron donde presum\u00eda haber visto varias veces su pel\u00edcula favorita: \u00a1El Gladiador! En mi caso, [&hellip;]<\/p>\n","protected":false},"author":2476,"featured_media":387,"comment_status":"open","ping_status":"open","sticky":false,"template":"","format":"standard","meta":{"_jetpack_memberships_contains_paid_content":false,"footnotes":""},"categories":[11],"tags":[],"class_list":["post-54236","post","type-post","status-publish","format-standard","has-post-thumbnail","hentry","category-opinion"],"jetpack_featured_media_url":"https:\/\/encuentroinformativo.com.mx\/wp-content\/uploads\/2020\/03\/7CF8A22B-2764-47BE-8F7F-38FE9E5D6A2F.jpeg","jetpack_sharing_enabled":true,"jetpack_likes_enabled":true,"amp_enabled":true,"_links":{"self":[{"href":"https:\/\/encuentroinformativo.com.mx\/index.php?rest_route=\/wp\/v2\/posts\/54236","targetHints":{"allow":["GET"]}}],"collection":[{"href":"https:\/\/encuentroinformativo.com.mx\/index.php?rest_route=\/wp\/v2\/posts"}],"about":[{"href":"https:\/\/encuentroinformativo.com.mx\/index.php?rest_route=\/wp\/v2\/types\/post"}],"author":[{"embeddable":true,"href":"https:\/\/encuentroinformativo.com.mx\/index.php?rest_route=\/wp\/v2\/users\/2476"}],"replies":[{"embeddable":true,"href":"https:\/\/encuentroinformativo.com.mx\/index.php?rest_route=%2Fwp%2Fv2%2Fcomments&post=54236"}],"version-history":[{"count":1,"href":"https:\/\/encuentroinformativo.com.mx\/index.php?rest_route=\/wp\/v2\/posts\/54236\/revisions"}],"predecessor-version":[{"id":54237,"href":"https:\/\/encuentroinformativo.com.mx\/index.php?rest_route=\/wp\/v2\/posts\/54236\/revisions\/54237"}],"wp:featuredmedia":[{"embeddable":true,"href":"https:\/\/encuentroinformativo.com.mx\/index.php?rest_route=\/wp\/v2\/media\/387"}],"wp:attachment":[{"href":"https:\/\/encuentroinformativo.com.mx\/index.php?rest_route=%2Fwp%2Fv2%2Fmedia&parent=54236"}],"wp:term":[{"taxonomy":"category","embeddable":true,"href":"https:\/\/encuentroinformativo.com.mx\/index.php?rest_route=%2Fwp%2Fv2%2Fcategories&post=54236"},{"taxonomy":"post_tag","embeddable":true,"href":"https:\/\/encuentroinformativo.com.mx\/index.php?rest_route=%2Fwp%2Fv2%2Ftags&post=54236"}],"curies":[{"name":"wp","href":"https:\/\/api.w.org\/{rel}","templated":true}]}}