{"id":54247,"date":"2024-05-09T10:49:00","date_gmt":"2024-05-09T16:49:00","guid":{"rendered":"https:\/\/encuentroinformativo.com.mx\/?p=54247"},"modified":"2024-05-09T10:49:08","modified_gmt":"2024-05-09T16:49:08","slug":"entregan-impermeabilizante-a-bajo-costo-en-medellin-de-bravo","status":"publish","type":"post","link":"https:\/\/encuentroinformativo.com.mx\/?p=54247","title":{"rendered":"Entregan impermeabilizante a bajo costo en Medell\u00edn de Bravo"},"content":{"rendered":"\n<p><strong>Alejandro \u00c1vila<\/strong><\/p>\n\n\n\n<p>Medell\u00edn de Bravo, Ver.- Cientos de medellinenses obtuvieron impermeabilizante a bajo costo, tras las gestiones realizadas por el empresario, Guillermo Herrada Jim\u00e9nez.<\/p>\n\n\n\n<p>Tras un sondeo de necesidades con la poblaci\u00f3n de Medell\u00edn de Bravo, se pudo conocer que uno de los problemas que aqueja es la falta de impermeabilizante que provoca afectaciones a las viviendas durante la temporada de lluvias.<\/p>\n\n\n\n<p>Ante esta situaci\u00f3n, el empresario y fundador de Memo A.C. gestion\u00f3 con un distribuidor la venta de impermeabilizante a bajo costo para beneficio de los ciudadanos de Medell\u00edn de Bravo, el evento de entrega se realiz\u00f3 la tarde de este mi\u00e9rcoles<br>en la explanada del Sal\u00f3n Social del Tejar.<\/p>\n\n\n\n<p>&#8220;Es un honor para m\u00ed poder brindar este apoyo a las familias de Medell\u00edn y colaborar en la protecci\u00f3n de sus hogares contra las filtraciones y humedades. Creo firmemente en la importancia de ayudarnos mutuamente y trabajar juntos para construir un mejor futuro para todos&#8221;, expres\u00f3 Memo Herrada.<\/p>\n\n\n\n<p>La entrega de las cubetas de impermeabilizante a bajo costo es solo una muestra m\u00e1s del compromiso de Guillermo Herrada Jim\u00e9nez con la comunidad medellinense y su deseo de contribuir al desarrollo y la prosperidad de la regi\u00f3n.<\/p>\n","protected":false},"excerpt":{"rendered":"<p>Alejandro \u00c1vila Medell\u00edn de Bravo, Ver.- Cientos de medellinenses obtuvieron impermeabilizante a bajo costo, tras las gestiones realizadas por el empresario, Guillermo Herrada Jim\u00e9nez. Tras un sondeo de necesidades con la poblaci\u00f3n de Medell\u00edn de Bravo, se pudo conocer que uno de los problemas que aqueja es la falta de impermeabilizante que provoca afectaciones a [&hellip;]<\/p>\n","protected":false},"author":2476,"featured_media":54248,"comment_status":"open","ping_status":"open","sticky":false,"template":"","format":"standard","meta":{"_jetpack_memberships_contains_paid_content":false,"footnotes":""},"categories":[2],"tags":[],"class_list":["post-54247","post","type-post","status-publish","format-standard","has-post-thumbnail","hentry","category-estado"],"jetpack_featured_media_url":"https:\/\/encuentroinformativo.com.mx\/wp-content\/uploads\/2024\/05\/IMG-20240509-WA0044.jpg","jetpack_sharing_enabled":true,"jetpack_likes_enabled":true,"amp_enabled":true,"_links":{"self":[{"href":"https:\/\/encuentroinformativo.com.mx\/index.php?rest_route=\/wp\/v2\/posts\/54247","targetHints":{"allow":["GET"]}}],"collection":[{"href":"https:\/\/encuentroinformativo.com.mx\/index.php?rest_route=\/wp\/v2\/posts"}],"about":[{"href":"https:\/\/encuentroinformativo.com.mx\/index.php?rest_route=\/wp\/v2\/types\/post"}],"author":[{"embeddable":true,"href":"https:\/\/encuentroinformativo.com.mx\/index.php?rest_route=\/wp\/v2\/users\/2476"}],"replies":[{"embeddable":true,"href":"https:\/\/encuentroinformativo.com.mx\/index.php?rest_route=%2Fwp%2Fv2%2Fcomments&post=54247"}],"version-history":[{"count":1,"href":"https:\/\/encuentroinformativo.com.mx\/index.php?rest_route=\/wp\/v2\/posts\/54247\/revisions"}],"predecessor-version":[{"id":54249,"href":"https:\/\/encuentroinformativo.com.mx\/index.php?rest_route=\/wp\/v2\/posts\/54247\/revisions\/54249"}],"wp:featuredmedia":[{"embeddable":true,"href":"https:\/\/encuentroinformativo.com.mx\/index.php?rest_route=\/wp\/v2\/media\/54248"}],"wp:attachment":[{"href":"https:\/\/encuentroinformativo.com.mx\/index.php?rest_route=%2Fwp%2Fv2%2Fmedia&parent=54247"}],"wp:term":[{"taxonomy":"category","embeddable":true,"href":"https:\/\/encuentroinformativo.com.mx\/index.php?rest_route=%2Fwp%2Fv2%2Fcategories&post=54247"},{"taxonomy":"post_tag","embeddable":true,"href":"https:\/\/encuentroinformativo.com.mx\/index.php?rest_route=%2Fwp%2Fv2%2Ftags&post=54247"}],"curies":[{"name":"wp","href":"https:\/\/api.w.org\/{rel}","templated":true}]}}