{"id":54250,"date":"2024-05-09T10:52:54","date_gmt":"2024-05-09T16:52:54","guid":{"rendered":"https:\/\/encuentroinformativo.com.mx\/?p=54250"},"modified":"2024-05-09T10:53:03","modified_gmt":"2024-05-09T16:53:03","slug":"se-reunen-candidatos-de-mc-con-camaras-empresariales-de-veracruz","status":"publish","type":"post","link":"https:\/\/encuentroinformativo.com.mx\/?p=54250","title":{"rendered":"Se re\u00fanen candidatos de MC con c\u00e1maras empresariales de Veracruz"},"content":{"rendered":"\n<p><strong>Alejandro \u00c1vila<\/strong><\/p>\n\n\n\n<p>Veracruz, Ver.- Los candidatos a diputados locales y federales de Movimiento Ciudadano en la zona conurbada Veracruz &#8211; Boca del R\u00edo, se reunieron con integrantes de las c\u00e1maras empresariales para intercambiar puntos de vista sobre las necesidades de los empresarios en la entidad.<\/p>\n\n\n\n<p>Tras presentar sus propuestas y escuchar a los empresarios de la zona conurbada Veracruz &#8211; Boca del R\u00edo, los aspirantes a una curul local y federal de Movimiento Ciudadano ofrecieron luchar desde su trinchera para lograr mejoras para el desarrollo econ\u00f3mico de la entidad veracruzana, generando mayores empleos que se retribuyan una mejor vida para la ciudadan\u00eda.<\/p>\n\n\n\n<p>Las participaciones m\u00e1s destacadas fueron las de Kari Guzm\u00e1n, tambi\u00e9n integrante del Consejo Coordinador de Mujeres Empresarias (CCME), qui\u00e9n puntualiz\u00f3 se debe aumentar el apoyo a las mujeres y j\u00f3venes emprendedoras; pues las \u00faltimas cifras revelan el aumento de productividad que ha dejado el emprendedurismo.<\/p>\n\n\n\n<p>Por su parte, el contador p\u00fablico, Pablo Caballero P\u00e9rez, qui\u00e9n cuenta con una Asociaci\u00f3n Civil que se ha enfocado en el apoyo a municipios como Medell\u00edn de Bravo y Jamapa; expuso la importancia de analizar y regular las contribuciones del estado, para no seguir perjudicando al empresario con temas fiscales que mantienen en serios problemas la econom\u00eda del peque\u00f1o y mediano contribuyente .<\/p>\n","protected":false},"excerpt":{"rendered":"<p>Alejandro \u00c1vila Veracruz, Ver.- Los candidatos a diputados locales y federales de Movimiento Ciudadano en la zona conurbada Veracruz &#8211; Boca del R\u00edo, se reunieron con integrantes de las c\u00e1maras empresariales para intercambiar puntos de vista sobre las necesidades de los empresarios en la entidad. Tras presentar sus propuestas y escuchar a los empresarios de [&hellip;]<\/p>\n","protected":false},"author":2476,"featured_media":54251,"comment_status":"open","ping_status":"open","sticky":false,"template":"","format":"standard","meta":{"_jetpack_memberships_contains_paid_content":false,"footnotes":""},"categories":[2],"tags":[],"class_list":["post-54250","post","type-post","status-publish","format-standard","has-post-thumbnail","hentry","category-estado"],"jetpack_featured_media_url":"https:\/\/encuentroinformativo.com.mx\/wp-content\/uploads\/2024\/05\/IMG-20240509-WA00482-scaled.jpg","jetpack_sharing_enabled":true,"jetpack_likes_enabled":true,"amp_enabled":true,"_links":{"self":[{"href":"https:\/\/encuentroinformativo.com.mx\/index.php?rest_route=\/wp\/v2\/posts\/54250","targetHints":{"allow":["GET"]}}],"collection":[{"href":"https:\/\/encuentroinformativo.com.mx\/index.php?rest_route=\/wp\/v2\/posts"}],"about":[{"href":"https:\/\/encuentroinformativo.com.mx\/index.php?rest_route=\/wp\/v2\/types\/post"}],"author":[{"embeddable":true,"href":"https:\/\/encuentroinformativo.com.mx\/index.php?rest_route=\/wp\/v2\/users\/2476"}],"replies":[{"embeddable":true,"href":"https:\/\/encuentroinformativo.com.mx\/index.php?rest_route=%2Fwp%2Fv2%2Fcomments&post=54250"}],"version-history":[{"count":1,"href":"https:\/\/encuentroinformativo.com.mx\/index.php?rest_route=\/wp\/v2\/posts\/54250\/revisions"}],"predecessor-version":[{"id":54252,"href":"https:\/\/encuentroinformativo.com.mx\/index.php?rest_route=\/wp\/v2\/posts\/54250\/revisions\/54252"}],"wp:featuredmedia":[{"embeddable":true,"href":"https:\/\/encuentroinformativo.com.mx\/index.php?rest_route=\/wp\/v2\/media\/54251"}],"wp:attachment":[{"href":"https:\/\/encuentroinformativo.com.mx\/index.php?rest_route=%2Fwp%2Fv2%2Fmedia&parent=54250"}],"wp:term":[{"taxonomy":"category","embeddable":true,"href":"https:\/\/encuentroinformativo.com.mx\/index.php?rest_route=%2Fwp%2Fv2%2Fcategories&post=54250"},{"taxonomy":"post_tag","embeddable":true,"href":"https:\/\/encuentroinformativo.com.mx\/index.php?rest_route=%2Fwp%2Fv2%2Ftags&post=54250"}],"curies":[{"name":"wp","href":"https:\/\/api.w.org\/{rel}","templated":true}]}}