{"id":54259,"date":"2024-05-09T11:04:02","date_gmt":"2024-05-09T17:04:02","guid":{"rendered":"https:\/\/encuentroinformativo.com.mx\/?p=54259"},"modified":"2024-05-09T11:04:09","modified_gmt":"2024-05-09T17:04:09","slug":"policia-acusado-de-violencia-de-genero-podria-salir-libre","status":"publish","type":"post","link":"https:\/\/encuentroinformativo.com.mx\/?p=54259","title":{"rendered":"Polic\u00eda acusado de violencia de g\u00e9nero podr\u00eda salir libre"},"content":{"rendered":"\n<p><strong>Alejandro \u00c1vila<\/strong><\/p>\n\n\n\n<p>Veracruz, Ver.- Fabi\u00e1n N de 23 a\u00f1os de edad, quien fue detenido por la Polic\u00eda Ministerial por el presunto delito de violaci\u00f3n y violencia de g\u00e9nero en contra de una excompa\u00f1era de trabajo, podr\u00eda salir libre, denuncia su v\u00edctima.<\/p>\n\n\n\n<p>La detenci\u00f3n del presunto agresor se hizo en base a una orden de aprehensi\u00f3n por las denuncias 1152\/2023 por violencia de g\u00e9nero, presentada en la Fiscal\u00eda Especializada, en Xalapa; y la carpeta 822\/2023 por violaci\u00f3n, presentada en el Centro Integral de Justicia para Mujeres.<\/p>\n\n\n\n<p>En la relator\u00eda de los hechos, se indica que este sujeto, que es elemento de la Polic\u00eda Municipal de Xalapa, agredi\u00f3 de diversas formas a una v\u00edctima de identidad resguardada con la que tuvo una relaci\u00f3n sentimental, y que al paso del tiempo, se torn\u00f3 violenta.<\/p>\n\n\n\n<p>En las denuncias se expresa que el presunto agresor, incluso, cometi\u00f3 violaci\u00f3n en su contra, y as\u00ed era contantemente cuando la quer\u00eda violentar de alguna forma.<\/p>\n\n\n\n<p>En la misma, constan diversas consultas m\u00e9dicas y recetas sobre lesiones que le causaban las m\u00faltiples golpizas que le daba.<\/p>\n\n\n\n<p>Fueron varias las ocasiones en que la mand\u00f3 al hospital por el grado de lesiones que le causaba; tambi\u00e9n se menciona que, al final de la relaci\u00f3n, cuando ella ya no quer\u00eda tener nada con \u00e9l, contantemente la acosaba y se presentaba de forma amenazante para obligarla a regresar a su lado, y como no lo consegu\u00eda, se pon\u00eda violento.<\/p>\n\n\n\n<p>Fue por eso que tom\u00f3 la decisi\u00f3n de ponerle las dos denuncias ante las amenazas m\u00e1s reiteradas, pues en diversas ocasiones dijo que iba a terminar con la vida de ella si no volv\u00eda a ser su pareja sentimental.<\/p>\n\n\n\n<p>Los elementos de la Polic\u00eda Ministerial detuvieron al agresor y lo presentaron ante el Juez que lo reclama a la espera de la imputaci\u00f3n correspondiente, pues la parte denunciante est\u00e1 firme en llegar a las \u00faltimas consecuencias para no convertirse en una cifra m\u00e1s de feminicidios.<\/p>\n\n\n\n<p>Debe mencionarse que el caso lo tiene la juez Adriana Arias Ferreira, qui\u00e9n presuntamente ya recibi\u00f3 la visita de personeros del detenido para tratar de llegar a un acuerdo para que se vaya libre mediante la revisi\u00f3n de la medida cautelar, ya que la circulaci\u00f3n a proceso fue el pasado 29 de abril.<\/p>\n","protected":false},"excerpt":{"rendered":"<p>Alejandro \u00c1vila Veracruz, Ver.- Fabi\u00e1n N de 23 a\u00f1os de edad, quien fue detenido por la Polic\u00eda Ministerial por el presunto delito de violaci\u00f3n y violencia de g\u00e9nero en contra de una excompa\u00f1era de trabajo, podr\u00eda salir libre, denuncia su v\u00edctima. La detenci\u00f3n del presunto agresor se hizo en base a una orden de aprehensi\u00f3n [&hellip;]<\/p>\n","protected":false},"author":2476,"featured_media":54260,"comment_status":"open","ping_status":"open","sticky":false,"template":"","format":"standard","meta":{"_jetpack_memberships_contains_paid_content":false,"footnotes":""},"categories":[3],"tags":[],"class_list":["post-54259","post","type-post","status-publish","format-standard","has-post-thumbnail","hentry","category-xalapa"],"jetpack_featured_media_url":"https:\/\/encuentroinformativo.com.mx\/wp-content\/uploads\/2024\/05\/IMG-20240509-WA0051.jpg","jetpack_sharing_enabled":true,"jetpack_likes_enabled":true,"amp_enabled":true,"_links":{"self":[{"href":"https:\/\/encuentroinformativo.com.mx\/index.php?rest_route=\/wp\/v2\/posts\/54259","targetHints":{"allow":["GET"]}}],"collection":[{"href":"https:\/\/encuentroinformativo.com.mx\/index.php?rest_route=\/wp\/v2\/posts"}],"about":[{"href":"https:\/\/encuentroinformativo.com.mx\/index.php?rest_route=\/wp\/v2\/types\/post"}],"author":[{"embeddable":true,"href":"https:\/\/encuentroinformativo.com.mx\/index.php?rest_route=\/wp\/v2\/users\/2476"}],"replies":[{"embeddable":true,"href":"https:\/\/encuentroinformativo.com.mx\/index.php?rest_route=%2Fwp%2Fv2%2Fcomments&post=54259"}],"version-history":[{"count":1,"href":"https:\/\/encuentroinformativo.com.mx\/index.php?rest_route=\/wp\/v2\/posts\/54259\/revisions"}],"predecessor-version":[{"id":54261,"href":"https:\/\/encuentroinformativo.com.mx\/index.php?rest_route=\/wp\/v2\/posts\/54259\/revisions\/54261"}],"wp:featuredmedia":[{"embeddable":true,"href":"https:\/\/encuentroinformativo.com.mx\/index.php?rest_route=\/wp\/v2\/media\/54260"}],"wp:attachment":[{"href":"https:\/\/encuentroinformativo.com.mx\/index.php?rest_route=%2Fwp%2Fv2%2Fmedia&parent=54259"}],"wp:term":[{"taxonomy":"category","embeddable":true,"href":"https:\/\/encuentroinformativo.com.mx\/index.php?rest_route=%2Fwp%2Fv2%2Fcategories&post=54259"},{"taxonomy":"post_tag","embeddable":true,"href":"https:\/\/encuentroinformativo.com.mx\/index.php?rest_route=%2Fwp%2Fv2%2Ftags&post=54259"}],"curies":[{"name":"wp","href":"https:\/\/api.w.org\/{rel}","templated":true}]}}