{"id":54265,"date":"2024-05-09T12:13:37","date_gmt":"2024-05-09T18:13:37","guid":{"rendered":"https:\/\/encuentroinformativo.com.mx\/?p=54265"},"modified":"2024-05-09T12:13:43","modified_gmt":"2024-05-09T18:13:43","slug":"motociclista-atropello-a-menor-y-se-dio-a-la-fuga","status":"publish","type":"post","link":"https:\/\/encuentroinformativo.com.mx\/?p=54265","title":{"rendered":"Motociclista atropell\u00f3 a menor y se dio a la fuga"},"content":{"rendered":"\n<p><strong>Juan Arcos <\/strong><\/p>\n\n\n\n<p>Xalapa, Ver.- El ni\u00f1o Jes\u00fas Emilio, de unos seis a\u00f1os, fue atropellado por un motociclista en la ciudad de Xalapa, quedando gravemente herido, con fracturas en piernas, brazos y lesiones en la cabeza; sin embargo, el conductor se dio a la fuga.<\/p>\n\n\n\n<p>Los hechos ocurrieron a las 13:30 horas del mi\u00e9rcoles 8 de mayo sobre la calle Lino Serrano, en la colonia 21 de Marzo, casi en los l\u00edmites de la ciudad de Xalapa con el municipio de Banderilla.<\/p>\n\n\n\n<p>Rosario Garduza, comerciante de la zona, indic\u00f3 que los familiares del menor y los dem\u00e1s residentes iniciar\u00e1n una serie de manifestaciones para exigir justicia en el caso.<\/p>\n\n\n\n<p>La entrevistada indic\u00f3 que Jes\u00fas Emilio est\u00e1 delicado de salud y se requiere del apoyo de las autoridades y de la poblaci\u00f3n para localizar al motociclistas, en busca de que se haga responsable de estos hechos.<\/p>\n\n\n\n<p>Por tal motivo, la gente comparti\u00f3 fotograf\u00edas y material captado con c\u00e1maras de videovigilancia donde se observa al motociclista cuando circula por el lugar.<\/p>\n\n\n\n<p>Lo anterior con la intenci\u00f3n de que el motociclista sea localizado y se haga responsable de los da\u00f1os ocasionados al menor.<\/p>\n\n\n\n<p>Rosario indic\u00f3 que este jueves pretenden manifestarse y cerrar la calle Lino Serrano para dar a conocer el caso y sobre todo que haya justicia.<\/p>\n\n\n\n<p>Los familiares de Jes\u00fas Emilio tambi\u00e9n necesitan apoyo econ\u00f3mico para cubrir los gastos m\u00e9dicos, en caso de que el motociclista no se haga responsable.<\/p>\n","protected":false},"excerpt":{"rendered":"<p>Juan Arcos Xalapa, Ver.- El ni\u00f1o Jes\u00fas Emilio, de unos seis a\u00f1os, fue atropellado por un motociclista en la ciudad de Xalapa, quedando gravemente herido, con fracturas en piernas, brazos y lesiones en la cabeza; sin embargo, el conductor se dio a la fuga. Los hechos ocurrieron a las 13:30 horas del mi\u00e9rcoles 8 de [&hellip;]<\/p>\n","protected":false},"author":2476,"featured_media":54266,"comment_status":"open","ping_status":"open","sticky":false,"template":"","format":"standard","meta":{"_jetpack_memberships_contains_paid_content":false,"footnotes":""},"categories":[3],"tags":[],"class_list":["post-54265","post","type-post","status-publish","format-standard","has-post-thumbnail","hentry","category-xalapa"],"jetpack_featured_media_url":"https:\/\/encuentroinformativo.com.mx\/wp-content\/uploads\/2024\/05\/2e1f932f-a76a-400a-a1cb-46a2eda7f69d.jpg","jetpack_sharing_enabled":true,"jetpack_likes_enabled":true,"amp_enabled":true,"_links":{"self":[{"href":"https:\/\/encuentroinformativo.com.mx\/index.php?rest_route=\/wp\/v2\/posts\/54265","targetHints":{"allow":["GET"]}}],"collection":[{"href":"https:\/\/encuentroinformativo.com.mx\/index.php?rest_route=\/wp\/v2\/posts"}],"about":[{"href":"https:\/\/encuentroinformativo.com.mx\/index.php?rest_route=\/wp\/v2\/types\/post"}],"author":[{"embeddable":true,"href":"https:\/\/encuentroinformativo.com.mx\/index.php?rest_route=\/wp\/v2\/users\/2476"}],"replies":[{"embeddable":true,"href":"https:\/\/encuentroinformativo.com.mx\/index.php?rest_route=%2Fwp%2Fv2%2Fcomments&post=54265"}],"version-history":[{"count":1,"href":"https:\/\/encuentroinformativo.com.mx\/index.php?rest_route=\/wp\/v2\/posts\/54265\/revisions"}],"predecessor-version":[{"id":54267,"href":"https:\/\/encuentroinformativo.com.mx\/index.php?rest_route=\/wp\/v2\/posts\/54265\/revisions\/54267"}],"wp:featuredmedia":[{"embeddable":true,"href":"https:\/\/encuentroinformativo.com.mx\/index.php?rest_route=\/wp\/v2\/media\/54266"}],"wp:attachment":[{"href":"https:\/\/encuentroinformativo.com.mx\/index.php?rest_route=%2Fwp%2Fv2%2Fmedia&parent=54265"}],"wp:term":[{"taxonomy":"category","embeddable":true,"href":"https:\/\/encuentroinformativo.com.mx\/index.php?rest_route=%2Fwp%2Fv2%2Fcategories&post=54265"},{"taxonomy":"post_tag","embeddable":true,"href":"https:\/\/encuentroinformativo.com.mx\/index.php?rest_route=%2Fwp%2Fv2%2Ftags&post=54265"}],"curies":[{"name":"wp","href":"https:\/\/api.w.org\/{rel}","templated":true}]}}