{"id":54271,"date":"2024-05-09T12:20:44","date_gmt":"2024-05-09T18:20:44","guid":{"rendered":"https:\/\/encuentroinformativo.com.mx\/?p=54271"},"modified":"2024-05-09T12:20:50","modified_gmt":"2024-05-09T18:20:50","slug":"periodistas-de-las-altas-montanas-denuncian-bloqueo-para-entrevistar-a-sheinbaum","status":"publish","type":"post","link":"https:\/\/encuentroinformativo.com.mx\/?p=54271","title":{"rendered":"Periodistas de las Altas Monta\u00f1as denuncian bloqueo para entrevistar a  Sheinbaum"},"content":{"rendered":"\n<p><strong>Alejandro \u00c1vila<\/strong><\/p>\n\n\n\n<p>Veracruz, Ver.- Periodistas de las Altas Monta\u00f1as denunciaron el bloqueo para entrevistar a la candidata a la presidencia de M\u00e9xico, Claudia Sheinbaum Pardo, durante su visita por la Sierra de Zongolica, Huatusco y Orizaba.<\/p>\n\n\n\n<p>Debido a los m\u00faltiples cuestionamientos de reporteros que acudir\u00edan a los eventos en la gira de la candidata presidencial de la Coalici\u00f3n &#8220;Sigamos haciendo Historia&#8221; en territorio Veracruzano, medios regionales no tuvieron acceso a cuestionar a las candidatas Claudia Sheinbaum y Roc\u00edo Nahle Garc\u00eda.<\/p>\n\n\n\n<p>Algunos compa\u00f1eros de las fuentes de las altas monta\u00f1as, que se reunieron en Huatusco para cubrir la visita de las candidatas tanto a la presidencia de la rep\u00fablica, como al gobierno estatal, ya rumoraban que ser\u00eda in\u00fatil tener acceso a las abanderadas, pues ya que de buena fuente en las filas de Morena, hab\u00edan acordado decir a las candidatas evadir micr\u00f3fonos y grabadoras que no olieran a medios afines.<\/p>\n\n\n\n<p>Es por esa raz\u00f3n que en las transmisiones en vivo, las candidatas vieron el micr\u00f3fono y se cruzaron a otra \u00e1rea, pues est\u00e1n molestas de los cuestionando sobre las denuncias, casas y cuentas bancarias de la candidata a la gubernatura de Veracruz.<\/p>\n","protected":false},"excerpt":{"rendered":"<p>Alejandro \u00c1vila Veracruz, Ver.- Periodistas de las Altas Monta\u00f1as denunciaron el bloqueo para entrevistar a la candidata a la presidencia de M\u00e9xico, Claudia Sheinbaum Pardo, durante su visita por la Sierra de Zongolica, Huatusco y Orizaba. Debido a los m\u00faltiples cuestionamientos de reporteros que acudir\u00edan a los eventos en la gira de la candidata presidencial [&hellip;]<\/p>\n","protected":false},"author":2476,"featured_media":54272,"comment_status":"open","ping_status":"open","sticky":false,"template":"","format":"standard","meta":{"_jetpack_memberships_contains_paid_content":false,"footnotes":""},"categories":[2],"tags":[],"class_list":["post-54271","post","type-post","status-publish","format-standard","has-post-thumbnail","hentry","category-estado"],"jetpack_featured_media_url":"https:\/\/encuentroinformativo.com.mx\/wp-content\/uploads\/2024\/05\/IMG-20240509-WA0059-scaled.jpg","jetpack_sharing_enabled":true,"jetpack_likes_enabled":true,"amp_enabled":true,"_links":{"self":[{"href":"https:\/\/encuentroinformativo.com.mx\/index.php?rest_route=\/wp\/v2\/posts\/54271","targetHints":{"allow":["GET"]}}],"collection":[{"href":"https:\/\/encuentroinformativo.com.mx\/index.php?rest_route=\/wp\/v2\/posts"}],"about":[{"href":"https:\/\/encuentroinformativo.com.mx\/index.php?rest_route=\/wp\/v2\/types\/post"}],"author":[{"embeddable":true,"href":"https:\/\/encuentroinformativo.com.mx\/index.php?rest_route=\/wp\/v2\/users\/2476"}],"replies":[{"embeddable":true,"href":"https:\/\/encuentroinformativo.com.mx\/index.php?rest_route=%2Fwp%2Fv2%2Fcomments&post=54271"}],"version-history":[{"count":1,"href":"https:\/\/encuentroinformativo.com.mx\/index.php?rest_route=\/wp\/v2\/posts\/54271\/revisions"}],"predecessor-version":[{"id":54273,"href":"https:\/\/encuentroinformativo.com.mx\/index.php?rest_route=\/wp\/v2\/posts\/54271\/revisions\/54273"}],"wp:featuredmedia":[{"embeddable":true,"href":"https:\/\/encuentroinformativo.com.mx\/index.php?rest_route=\/wp\/v2\/media\/54272"}],"wp:attachment":[{"href":"https:\/\/encuentroinformativo.com.mx\/index.php?rest_route=%2Fwp%2Fv2%2Fmedia&parent=54271"}],"wp:term":[{"taxonomy":"category","embeddable":true,"href":"https:\/\/encuentroinformativo.com.mx\/index.php?rest_route=%2Fwp%2Fv2%2Fcategories&post=54271"},{"taxonomy":"post_tag","embeddable":true,"href":"https:\/\/encuentroinformativo.com.mx\/index.php?rest_route=%2Fwp%2Fv2%2Ftags&post=54271"}],"curies":[{"name":"wp","href":"https:\/\/api.w.org\/{rel}","templated":true}]}}