{"id":54274,"date":"2024-05-09T12:23:10","date_gmt":"2024-05-09T18:23:10","guid":{"rendered":"https:\/\/encuentroinformativo.com.mx\/?p=54274"},"modified":"2024-05-09T12:23:16","modified_gmt":"2024-05-09T18:23:16","slug":"altas-temperaturas-afectan-transporte-de-carga-en-veracruz-canacar","status":"publish","type":"post","link":"https:\/\/encuentroinformativo.com.mx\/?p=54274","title":{"rendered":"Altas temperaturas afectan transporte de carga en Veracruz: CANACAR"},"content":{"rendered":"\n<p><strong>Alejandro \u00c1vila<\/strong><\/p>\n\n\n\n<p>Veracruz, Ver.- Debido a las altas temperaturas se incrementan las fallas en los autom\u00f3viles mec\u00e1nicas, aumentan los ponches y los retrasos generan malestar en los choferes se\u00f1al\u00f3, Miguelina L\u00f3pez Hern\u00e1ndez, delegada de Canacar en Veracruz.<\/p>\n\n\n\n<p>&#8220;Tema psicol\u00f3gico m\u00e1s que nada, porque est\u00e1n trabajando a unas condiciones climatol\u00f3gicas bastante desgastantes para ellos, tanto en nuestro sector como en todos los sectores del transporte se est\u00e1n viendo muy afectadas por esta ola de calor que est\u00e1 afectando el estado pr\u00e1cticamente (\u2026) la sensaci\u00f3n t\u00e9rmica que tuvimos ayer en la zona del 13.5 era de 45 grados&#8221;, expres\u00f3.<\/p>\n\n\n\n<p>En ese sentido, mencion\u00f3 que aproximadamente el 25 por ciento de las unidades de carga no cuenta con aire acondicionado, por lo cual genera trabajo en condiciones inapropiadas para los conductores.<\/p>\n\n\n\n<p>&#8220;Hay bastante falta de mano de obra en todos los sectores y esto de la climatizaci\u00f3n, en este tipo de talleres no est\u00e1 exento, tenemos este tipo de situaci\u00f3n, estamos todos haciendo fila para que vayan los t\u00e9cnicos de los climas a revisar las unidades. Definitivamente est\u00e1 afectando much\u00edsimo esta ola de calor que est\u00e1 afectando al estado&#8221;, subray\u00f3.<\/p>\n\n\n\n<p>El tiempo estimado que se hace un conductor para ingresar al Recinto Portuario por el retraso en las Aduanas, es de aproximadamente 3 horas mencion\u00f3 Miguelina L\u00f3pez.<\/p>\n","protected":false},"excerpt":{"rendered":"<p>Alejandro \u00c1vila Veracruz, Ver.- Debido a las altas temperaturas se incrementan las fallas en los autom\u00f3viles mec\u00e1nicas, aumentan los ponches y los retrasos generan malestar en los choferes se\u00f1al\u00f3, Miguelina L\u00f3pez Hern\u00e1ndez, delegada de Canacar en Veracruz. &#8220;Tema psicol\u00f3gico m\u00e1s que nada, porque est\u00e1n trabajando a unas condiciones climatol\u00f3gicas bastante desgastantes para ellos, tanto en [&hellip;]<\/p>\n","protected":false},"author":2476,"featured_media":54275,"comment_status":"open","ping_status":"open","sticky":false,"template":"","format":"standard","meta":{"_jetpack_memberships_contains_paid_content":false,"footnotes":""},"categories":[2],"tags":[],"class_list":["post-54274","post","type-post","status-publish","format-standard","has-post-thumbnail","hentry","category-estado"],"jetpack_featured_media_url":"https:\/\/encuentroinformativo.com.mx\/wp-content\/uploads\/2024\/05\/IMG-20240509-WA00792.jpg","jetpack_sharing_enabled":true,"jetpack_likes_enabled":true,"amp_enabled":true,"_links":{"self":[{"href":"https:\/\/encuentroinformativo.com.mx\/index.php?rest_route=\/wp\/v2\/posts\/54274","targetHints":{"allow":["GET"]}}],"collection":[{"href":"https:\/\/encuentroinformativo.com.mx\/index.php?rest_route=\/wp\/v2\/posts"}],"about":[{"href":"https:\/\/encuentroinformativo.com.mx\/index.php?rest_route=\/wp\/v2\/types\/post"}],"author":[{"embeddable":true,"href":"https:\/\/encuentroinformativo.com.mx\/index.php?rest_route=\/wp\/v2\/users\/2476"}],"replies":[{"embeddable":true,"href":"https:\/\/encuentroinformativo.com.mx\/index.php?rest_route=%2Fwp%2Fv2%2Fcomments&post=54274"}],"version-history":[{"count":1,"href":"https:\/\/encuentroinformativo.com.mx\/index.php?rest_route=\/wp\/v2\/posts\/54274\/revisions"}],"predecessor-version":[{"id":54276,"href":"https:\/\/encuentroinformativo.com.mx\/index.php?rest_route=\/wp\/v2\/posts\/54274\/revisions\/54276"}],"wp:featuredmedia":[{"embeddable":true,"href":"https:\/\/encuentroinformativo.com.mx\/index.php?rest_route=\/wp\/v2\/media\/54275"}],"wp:attachment":[{"href":"https:\/\/encuentroinformativo.com.mx\/index.php?rest_route=%2Fwp%2Fv2%2Fmedia&parent=54274"}],"wp:term":[{"taxonomy":"category","embeddable":true,"href":"https:\/\/encuentroinformativo.com.mx\/index.php?rest_route=%2Fwp%2Fv2%2Fcategories&post=54274"},{"taxonomy":"post_tag","embeddable":true,"href":"https:\/\/encuentroinformativo.com.mx\/index.php?rest_route=%2Fwp%2Fv2%2Ftags&post=54274"}],"curies":[{"name":"wp","href":"https:\/\/api.w.org\/{rel}","templated":true}]}}