{"id":54277,"date":"2024-05-09T13:13:02","date_gmt":"2024-05-09T19:13:02","guid":{"rendered":"https:\/\/encuentroinformativo.com.mx\/?p=54277"},"modified":"2024-05-09T13:13:10","modified_gmt":"2024-05-09T19:13:10","slug":"historica-cifra-de-declaraciones-anuales-de-personas-fisicas","status":"publish","type":"post","link":"https:\/\/encuentroinformativo.com.mx\/?p=54277","title":{"rendered":"Hist\u00f3rica cifra de declaraciones anuales de personas f\u00edsicas"},"content":{"rendered":"\n<p><strong>Alejandro \u00c1vila<\/strong><\/p>\n\n\n\n<p>Veracruz, Ver.- El expresidente del Colegio de Contadores, Ram\u00f3n Ortega D\u00edaz, mencion\u00f3 que se lleg\u00f3 una cifra hist\u00f3rica de declaraciones anuales de personas f\u00edsicas.<\/p>\n\n\n\n<p>&#8220;En el anual de personas f\u00edsicas se lleg\u00f3 arriba de la meta, de lo esperado, fueron los 10 millones de declaraciones, es una cifra muy importante dado el nivel de compromiso que tienen los contribuyentes con sus obligaciones tributarias, y ahorita tenemos solamente algunos que quedaron como inconsistentes, est\u00e1n pendientes sus devoluciones, claro es un poquito m\u00e1s tardado, pero pues hay que adjuntarle los CFDI&#8217;s, los estados de cuenta, sobre todo los casos que tenemos son porque las colegiaturas no estaban correctamente timbrados, algunas aclaraciones de que no cuadra la n\u00f3mina de la empresa con el trabajador, pero fuera de eso fue una jornada de mucho cumplimiento, el primer d\u00eda fue m\u00e1s de 1 mill\u00f3n de declaraciones, por eso se lleg\u00f3 a saturar, y pues esa cifra 10 millones de declaraciones, pues dan una cifra hist\u00f3rica en presentaci\u00f3n de declaraciones anuales de personas f\u00edsicas&#8221;, asest\u00f3.<\/p>\n\n\n\n<p>Mencion\u00f3 que a partir de este jueves inicia el cruce de informaci\u00f3n con el Comprobante Fiscal Digital (CFDI), por lo que exhort\u00f3 a la ciudadan\u00eda a evitar quedarse con las retenciones, pues pueden caer en un delito.<\/p>\n\n\n\n<p>&#8220;Si les llega a sus correos de cruces, pues que hagan precisamente, tanto lentero como la aclaraci\u00f3n, porque desde febrero o marzo hemos tenido restricci\u00f3n de sello, qu\u00e9 son las restricciones de sellos, que la autoridad te manda informaci\u00f3n de que no le concuerdan, no la aclaras y ya no puedes t\u00fa facturar, es una restricci\u00f3n de sellos digitales. Entonces, al no poder facturar el contribuyente, pues no puede cobrar, y viene una situaci\u00f3n de complicaciones administrativas y operativas&#8221;, culmin\u00f3.<\/p>\n","protected":false},"excerpt":{"rendered":"<p>Alejandro \u00c1vila Veracruz, Ver.- El expresidente del Colegio de Contadores, Ram\u00f3n Ortega D\u00edaz, mencion\u00f3 que se lleg\u00f3 una cifra hist\u00f3rica de declaraciones anuales de personas f\u00edsicas. &#8220;En el anual de personas f\u00edsicas se lleg\u00f3 arriba de la meta, de lo esperado, fueron los 10 millones de declaraciones, es una cifra muy importante dado el nivel [&hellip;]<\/p>\n","protected":false},"author":2476,"featured_media":54278,"comment_status":"open","ping_status":"open","sticky":false,"template":"","format":"standard","meta":{"_jetpack_memberships_contains_paid_content":false,"footnotes":""},"categories":[2],"tags":[],"class_list":["post-54277","post","type-post","status-publish","format-standard","has-post-thumbnail","hentry","category-estado"],"jetpack_featured_media_url":"https:\/\/encuentroinformativo.com.mx\/wp-content\/uploads\/2024\/05\/IMG-20240509-WA00952.jpg","jetpack_sharing_enabled":true,"jetpack_likes_enabled":true,"amp_enabled":true,"_links":{"self":[{"href":"https:\/\/encuentroinformativo.com.mx\/index.php?rest_route=\/wp\/v2\/posts\/54277","targetHints":{"allow":["GET"]}}],"collection":[{"href":"https:\/\/encuentroinformativo.com.mx\/index.php?rest_route=\/wp\/v2\/posts"}],"about":[{"href":"https:\/\/encuentroinformativo.com.mx\/index.php?rest_route=\/wp\/v2\/types\/post"}],"author":[{"embeddable":true,"href":"https:\/\/encuentroinformativo.com.mx\/index.php?rest_route=\/wp\/v2\/users\/2476"}],"replies":[{"embeddable":true,"href":"https:\/\/encuentroinformativo.com.mx\/index.php?rest_route=%2Fwp%2Fv2%2Fcomments&post=54277"}],"version-history":[{"count":1,"href":"https:\/\/encuentroinformativo.com.mx\/index.php?rest_route=\/wp\/v2\/posts\/54277\/revisions"}],"predecessor-version":[{"id":54279,"href":"https:\/\/encuentroinformativo.com.mx\/index.php?rest_route=\/wp\/v2\/posts\/54277\/revisions\/54279"}],"wp:featuredmedia":[{"embeddable":true,"href":"https:\/\/encuentroinformativo.com.mx\/index.php?rest_route=\/wp\/v2\/media\/54278"}],"wp:attachment":[{"href":"https:\/\/encuentroinformativo.com.mx\/index.php?rest_route=%2Fwp%2Fv2%2Fmedia&parent=54277"}],"wp:term":[{"taxonomy":"category","embeddable":true,"href":"https:\/\/encuentroinformativo.com.mx\/index.php?rest_route=%2Fwp%2Fv2%2Fcategories&post=54277"},{"taxonomy":"post_tag","embeddable":true,"href":"https:\/\/encuentroinformativo.com.mx\/index.php?rest_route=%2Fwp%2Fv2%2Ftags&post=54277"}],"curies":[{"name":"wp","href":"https:\/\/api.w.org\/{rel}","templated":true}]}}