{"id":54283,"date":"2024-05-09T15:21:46","date_gmt":"2024-05-09T21:21:46","guid":{"rendered":"https:\/\/encuentroinformativo.com.mx\/?p=54283"},"modified":"2024-05-09T15:21:51","modified_gmt":"2024-05-09T21:21:51","slug":"se-debe-continuar-lucha-emprendida-por-fidel-ordonez-senala-angelica-sanchez","status":"publish","type":"post","link":"https:\/\/encuentroinformativo.com.mx\/?p=54283","title":{"rendered":"Se debe continuar lucha emprendida por Fidel Ord\u00f3\u00f1ez, se\u00f1ala Ang\u00e9lica S\u00e1nchez"},"content":{"rendered":"\n<p><strong>Dar\u00edo Pale <\/strong><\/p>\n\n\n\n<p>Xalapa, Ver.- La lucha emprendida por el abogado Fidel Ord\u00f3\u00f1ez -quien falleci\u00f3 recientemente- debe continuar, as\u00ed lo dio a conocer la candidata al Senado en segunda f\u00f3rmula, por Movimiento Ciudadano, Ang\u00e9lica S\u00e1nchez.<\/p>\n\n\n\n<p>En conferencia de prensa, consider\u00f3 que debe haber personas valientes que emprendan y enarbolen la bandera de Fidel Ord\u00f3\u00f1ez para que se sepa que Roc\u00edo Nahle no puede ser candidata a la gubernatura de Veracruz porque naci\u00f3 en Zacatecas.<\/p>\n\n\n\n<p>Adem\u00e1s, el reconocido abogado ven\u00eda encabezando un movimiento junto con personas de la sociedad civil de todo el Estado para impugnar la candidatura de la exsecretaria de Energ\u00eda.<\/p>\n\n\n\n<p>En otro tema, la exjueza del Poder Judicial de Veracruz, expres\u00f3 que no se pueden arreglar los problemas detr\u00e1s de un escritorio, los funcionarios deben tener esa sensibilidad de acercarse a los ciudadanos y verlos de cerca y ofrecerles las soluciones que sean posibles.<\/p>\n\n\n\n<p>Agreg\u00f3 que el Partido y sus candidatos han venido creciendo en sus preferencias electorales, sobre todo en el \u00e1nimo de los j\u00f3venes, quienes est\u00e1n cansados de los pol\u00edticos acartonados y con el mismo discurso.<\/p>\n\n\n\n<p>Indic\u00f3 que en los lugares que han visitado han hecho el compromiso de regresar para ayudarles a solucionar las problem\u00e1ticas de cada \u00e1rea.<\/p>\n\n\n\n<p>&#8220;Porque no son los mismos problemas que hay en Coatzacoalcos, a los de Poza Rica, Veracruz o Xalapa, sin embargo, queremos hacer hincapi\u00e9 en el hecho de que tenemos que estar presentes&#8221;, destac\u00f3.<\/p>\n","protected":false},"excerpt":{"rendered":"<p>Dar\u00edo Pale Xalapa, Ver.- La lucha emprendida por el abogado Fidel Ord\u00f3\u00f1ez -quien falleci\u00f3 recientemente- debe continuar, as\u00ed lo dio a conocer la candidata al Senado en segunda f\u00f3rmula, por Movimiento Ciudadano, Ang\u00e9lica S\u00e1nchez. En conferencia de prensa, consider\u00f3 que debe haber personas valientes que emprendan y enarbolen la bandera de Fidel Ord\u00f3\u00f1ez para que [&hellip;]<\/p>\n","protected":false},"author":2476,"featured_media":54284,"comment_status":"open","ping_status":"open","sticky":false,"template":"","format":"standard","meta":{"_jetpack_memberships_contains_paid_content":false,"footnotes":""},"categories":[2],"tags":[],"class_list":["post-54283","post","type-post","status-publish","format-standard","has-post-thumbnail","hentry","category-estado"],"jetpack_featured_media_url":"https:\/\/encuentroinformativo.com.mx\/wp-content\/uploads\/2024\/05\/IMG-20240509-WA0112.jpg","jetpack_sharing_enabled":true,"jetpack_likes_enabled":true,"amp_enabled":true,"_links":{"self":[{"href":"https:\/\/encuentroinformativo.com.mx\/index.php?rest_route=\/wp\/v2\/posts\/54283","targetHints":{"allow":["GET"]}}],"collection":[{"href":"https:\/\/encuentroinformativo.com.mx\/index.php?rest_route=\/wp\/v2\/posts"}],"about":[{"href":"https:\/\/encuentroinformativo.com.mx\/index.php?rest_route=\/wp\/v2\/types\/post"}],"author":[{"embeddable":true,"href":"https:\/\/encuentroinformativo.com.mx\/index.php?rest_route=\/wp\/v2\/users\/2476"}],"replies":[{"embeddable":true,"href":"https:\/\/encuentroinformativo.com.mx\/index.php?rest_route=%2Fwp%2Fv2%2Fcomments&post=54283"}],"version-history":[{"count":1,"href":"https:\/\/encuentroinformativo.com.mx\/index.php?rest_route=\/wp\/v2\/posts\/54283\/revisions"}],"predecessor-version":[{"id":54285,"href":"https:\/\/encuentroinformativo.com.mx\/index.php?rest_route=\/wp\/v2\/posts\/54283\/revisions\/54285"}],"wp:featuredmedia":[{"embeddable":true,"href":"https:\/\/encuentroinformativo.com.mx\/index.php?rest_route=\/wp\/v2\/media\/54284"}],"wp:attachment":[{"href":"https:\/\/encuentroinformativo.com.mx\/index.php?rest_route=%2Fwp%2Fv2%2Fmedia&parent=54283"}],"wp:term":[{"taxonomy":"category","embeddable":true,"href":"https:\/\/encuentroinformativo.com.mx\/index.php?rest_route=%2Fwp%2Fv2%2Fcategories&post=54283"},{"taxonomy":"post_tag","embeddable":true,"href":"https:\/\/encuentroinformativo.com.mx\/index.php?rest_route=%2Fwp%2Fv2%2Ftags&post=54283"}],"curies":[{"name":"wp","href":"https:\/\/api.w.org\/{rel}","templated":true}]}}