{"id":54286,"date":"2024-05-09T18:02:17","date_gmt":"2024-05-10T00:02:17","guid":{"rendered":"https:\/\/encuentroinformativo.com.mx\/?p=54286"},"modified":"2024-05-09T18:02:25","modified_gmt":"2024-05-10T00:02:25","slug":"realizan-autoridades-taller-buenas-practicas-policiales","status":"publish","type":"post","link":"https:\/\/encuentroinformativo.com.mx\/?p=54286","title":{"rendered":"Realizan autoridades taller &#8220;Buenas Pr\u00e1cticas Policiales&#8221;"},"content":{"rendered":"\n<p>Xalapa, Ver.- El Gobierno del Estado de Veracruz a trav\u00e9s de la Secretar\u00eda de Seguridad P\u00fablica en coordinaci\u00f3n con la Fiscal\u00eda General del Estado lleva a cabo el curso &#8211; taller \u201cBuenas Pr\u00e1cticas Policiales en atenci\u00f3n a mujeres v\u00edctimas de violencia por razones de g\u00e9nero\u201d.<\/p>\n\n\n\n<p>Dirigido a personal operativo y jur\u00eddico regionalizado en las zonas norte, centro y sur del Estado, se abordaron diversos temas como: fundamentos legales, protocolos, cat\u00e1logos de delitos, primer respondiente, llenado de documentaci\u00f3n oficial como IPH, cadena de custodia, lugar de intervenci\u00f3n y rutas de canalizaci\u00f3n a v\u00edctimas de violencia.<\/p>\n\n\n\n<p>Con estas acciones se brindan herramientas para fortalecer el conocimiento en la pr\u00e1ctica operativa para la prevenci\u00f3n, atenci\u00f3n y erradicaci\u00f3n de la violencia contra las mujeres.<\/p>\n\n\n\n<p>*Esta informaci\u00f3n es con fines de transparencia y operatividad de las acciones de gobierno de servicio a la poblaci\u00f3n; no puede usarse ni atribuirse a ning\u00fan partido pol\u00edtico con fines electorales o de promoci\u00f3n.<\/p>\n","protected":false},"excerpt":{"rendered":"<p>Xalapa, Ver.- El Gobierno del Estado de Veracruz a trav\u00e9s de la Secretar\u00eda de Seguridad P\u00fablica en coordinaci\u00f3n con la Fiscal\u00eda General del Estado lleva a cabo el curso &#8211; taller \u201cBuenas Pr\u00e1cticas Policiales en atenci\u00f3n a mujeres v\u00edctimas de violencia por razones de g\u00e9nero\u201d. Dirigido a personal operativo y jur\u00eddico regionalizado en las zonas [&hellip;]<\/p>\n","protected":false},"author":2476,"featured_media":54287,"comment_status":"open","ping_status":"open","sticky":false,"template":"","format":"standard","meta":{"_jetpack_memberships_contains_paid_content":false,"footnotes":""},"categories":[2],"tags":[],"class_list":["post-54286","post","type-post","status-publish","format-standard","has-post-thumbnail","hentry","category-estado"],"jetpack_featured_media_url":"https:\/\/encuentroinformativo.com.mx\/wp-content\/uploads\/2024\/05\/IMG-20240509-WA0145.jpg","jetpack_sharing_enabled":true,"jetpack_likes_enabled":true,"amp_enabled":true,"_links":{"self":[{"href":"https:\/\/encuentroinformativo.com.mx\/index.php?rest_route=\/wp\/v2\/posts\/54286","targetHints":{"allow":["GET"]}}],"collection":[{"href":"https:\/\/encuentroinformativo.com.mx\/index.php?rest_route=\/wp\/v2\/posts"}],"about":[{"href":"https:\/\/encuentroinformativo.com.mx\/index.php?rest_route=\/wp\/v2\/types\/post"}],"author":[{"embeddable":true,"href":"https:\/\/encuentroinformativo.com.mx\/index.php?rest_route=\/wp\/v2\/users\/2476"}],"replies":[{"embeddable":true,"href":"https:\/\/encuentroinformativo.com.mx\/index.php?rest_route=%2Fwp%2Fv2%2Fcomments&post=54286"}],"version-history":[{"count":1,"href":"https:\/\/encuentroinformativo.com.mx\/index.php?rest_route=\/wp\/v2\/posts\/54286\/revisions"}],"predecessor-version":[{"id":54288,"href":"https:\/\/encuentroinformativo.com.mx\/index.php?rest_route=\/wp\/v2\/posts\/54286\/revisions\/54288"}],"wp:featuredmedia":[{"embeddable":true,"href":"https:\/\/encuentroinformativo.com.mx\/index.php?rest_route=\/wp\/v2\/media\/54287"}],"wp:attachment":[{"href":"https:\/\/encuentroinformativo.com.mx\/index.php?rest_route=%2Fwp%2Fv2%2Fmedia&parent=54286"}],"wp:term":[{"taxonomy":"category","embeddable":true,"href":"https:\/\/encuentroinformativo.com.mx\/index.php?rest_route=%2Fwp%2Fv2%2Fcategories&post=54286"},{"taxonomy":"post_tag","embeddable":true,"href":"https:\/\/encuentroinformativo.com.mx\/index.php?rest_route=%2Fwp%2Fv2%2Ftags&post=54286"}],"curies":[{"name":"wp","href":"https:\/\/api.w.org\/{rel}","templated":true}]}}