{"id":543,"date":"2020-03-08T22:26:36","date_gmt":"2020-03-09T04:26:36","guid":{"rendered":"https:\/\/encuentroinformativo.com\/?p=543"},"modified":"2020-03-08T22:26:36","modified_gmt":"2020-03-09T04:26:36","slug":"se-pudo-haber-evitado-el-caos-en-el-dif-estatal","status":"publish","type":"post","link":"https:\/\/encuentroinformativo.com.mx\/?p=543","title":{"rendered":"SE PUDO HABER EVITADO EL CAOS EN EL DIF ESTATAL"},"content":{"rendered":"\n<p><br> @pablojair<\/p>\n\n\n\n<figure class=\"wp-block-image size-large\"><img loading=\"lazy\" decoding=\"async\" width=\"685\" height=\"369\" src=\"https:\/\/encuentroinformativo.com.mx\/wp-content\/uploads\/2020\/03\/F471F608-BA1A-416B-BA7B-BCFB24F4E6D0.jpeg\" alt=\"\" class=\"wp-image-488\" srcset=\"https:\/\/encuentroinformativo.com.mx\/wp-content\/uploads\/2020\/03\/F471F608-BA1A-416B-BA7B-BCFB24F4E6D0.jpeg 685w, https:\/\/encuentroinformativo.com.mx\/wp-content\/uploads\/2020\/03\/F471F608-BA1A-416B-BA7B-BCFB24F4E6D0-300x162.jpeg 300w\" sizes=\"auto, (max-width: 685px) 100vw, 685px\" \/><\/figure>\n\n\n\n<ul class=\"wp-block-list\"><li>UV no entrega papeles a periodistas.<\/li><li>Homenaje a Maricela Vallejo en Mixtla.<\/li><li>Vino &#8220;Alito&#8221;\u2026 y pos nada.<\/li><\/ul>\n\n\n\n<p>Esta vez estamos de acuerdo: rebas\u00f3 por mucho la protesta a la violencia de unas cuantas. Bien.<br>\n&#8211;Chopenjawer feminista.<\/p>\n\n\n\n<p>&#8220;En diciembre nos descontaron mil pesos y hasta el momento no justifican porqu\u00e9 lo hicieron&#8221;. Lo anterior es el testimonio de una empleada del DIF estatal, de la cual reservamos su identidad.<\/p>\n\n\n\n<p>Tambi\u00e9n lamenta que varios m\u00e9dicos del CRIVER, mucho antes de la extitular Ver\u00f3nica Aguilera Tapia, decidieron huir porque las condiciones de trabajo eran terribles, adem\u00e1s de que les descontaron a sus honorarios, casi simb\u00f3licos.<\/p>\n\n\n\n<p>Y as\u00ed varias irregularidades que son p\u00fablicas: precios inflados de insumos, adquisiciones ama\u00f1adas, sospecha de graves irregularidades administrativas, olores f\u00e9tidos por todos lados y un largo etc\u00e9tera.<\/p>\n\n\n\n<p>Por algo el gobernador Cuitl\u00e1huac Garc\u00eda Jim\u00e9nez tuvo que ir personalmente a tomar el control del DIF, que representa la cara amable\/buena de cualquier gobierno, pero que estaba en manos de gente que, sin escr\u00fapulos, hicieron el negocio de sus vidas.<\/p>\n\n\n\n<p>Primero, nombrando personalmente a una directora administrativa de todas sus confianzas, Alicia Corina Garc\u00eda Moyano, proveniente de otra dependencia donde tambi\u00e9n tiene gente de su plena confianza: la Secretar\u00eda de Educaci\u00f3n de Veracruz (SEV). Luego pedir\u00eda la renuncia a Ver\u00f3nica Aguilera, quien el 29 de febrero se despidi\u00f3 de su personal y anunci\u00f3 su retirada de la dependencia &#8211;dizque por asuntos personales&#8211; que tuvo a su cargo casi 15 meses.<\/p>\n\n\n\n<p>Despu\u00e9s, el mismo gobernador tomar\u00eda personalmente protesta el pasado viernes a Rebeca Quintanar Barcel\u00f3 como nueva directora del DIF, aunque hay rumores (por su cargo anterior) de que es una recomendaci\u00f3n del secretario de Gobierno, quien parece &#8211;y en pol\u00edtica, si parece, es&#8211; tiene las narices y la cuchara en todo.<\/p>\n\n\n\n<p>No obstante, habr\u00e1 que subrayar que ha sido Garc\u00eda Jim\u00e9nez quien ha estado atendiendo personalmente el caso del DIF estatal y a su vez descubriendo todo el despapaye que ten\u00edan Ver\u00f3nica y sus secuaces.<\/p>\n\n\n\n<p>Lo que no se entiende es por qu\u00e9 desde un principio el mandatario estatal les entreg\u00f3 el DIF a este grupo de panistas que se pintaron de morenistas.<\/p>\n\n\n\n<p>Se comprende que bajo el argumento de que se vive otro r\u00e9gimen, el mandatario estatal no quiso colocar a un familiar al frente (tradicionalmente el DIF lo encabeza la esposa, madre o hermana del gobernador) o a alguien de toda su confianza, a sabiendas de lo que representa el organismo asistencial: una dependencia con mil 497 millones 465 mil pesos de presupuesto, que adem\u00e1s es un excelente trampol\u00edn pol\u00edtico y un ente donde pueden hacerse infinidad de negocios si nadie est\u00e1 de buen centinela.<\/p>\n\n\n\n<p>El DIF estatal, aunque no es aut\u00f3nomo, s\u00ed es un organismo descentralizado de la estructura de gobierno central; tiene patrimonio y personalidad jur\u00eddica propia.<\/p>\n\n\n\n<p>Se entiende que ese grupo de panistas apoyaron a Cuitl\u00e1huac en campa\u00f1a, pero el gobernador no ten\u00eda porqu\u00e9 entregarles toda una dependencia con millonario presupuesto propio; un pastel gigante para glotones.<\/p>\n\n\n\n<p>Tambi\u00e9n se sabe que originalmente a ese grupo de Ver\u00f3nica Aguilera y \u00d3scar Lara (el verdadero poder en el DIF) ni siquiera el gobernador los ten\u00eda contemplado para dicha dependencia, sino que fue un cambio de \u00faltima hora originado por el chantaje de un \u00edntimo personaje ligado a la hoy diputada Ana Miriam Ferr\u00e1ez, quien ya estaba pr\u00e1cticamente palomeada para ser la jefaza.<\/p>\n\n\n\n<p>Aqu\u00ed quiz\u00e1s el error fue que el mandatario no hizo notar su peso como el mero-mero del estado; mostrar tantito el &#8220;power&#8221; que tiene un gobernador de Veracruz\u2026 \u00bfDejarse chantajear por debilidades carnales de la condici\u00f3n humana? Por ejemplo, si ese mismo personaje hubiese querido actuar de la misma forma con Miguel \u00c1ngel Yunes Linares, el &#8220;Cascarita&#8221; lo hubiera refundido en el bote o m\u00ednimo una exiliada por andarle jugando al &#8220;brgs&#8221;.<\/p>\n\n\n\n<p>Quiz\u00e1s todo este caos pudo haberse evitado mucho antes, impidiendo que el DIF cayera en manos de gente necesitada de dinero y poder, en la que durante estos meses ha sido devastada la cara asistencial del Gobierno de Veracruz, en la administraci\u00f3n de Cuitl\u00e1huac.<\/p>\n\n\n\n<p>\u00bfY qu\u00e9 es lo que en campa\u00f1a hicieron realmente \u00d3scar Lara y Ver\u00f3nica Aguilera por el hoy gobernador? Es de conocimiento p\u00fablico que llegan ah\u00ed por negociaci\u00f3n del &#8220;Uno&#8221; y el diputado federal Ricardo Exsome, a pesar de que Lara ni Aguilera no representaban a alg\u00fan grupo fuerte dentro del PAN: eran \u00e9l y ella nada m\u00e1s. Pol\u00edticamente no hicieron ni han hecho mella contra los Yunes como se vendieron ante el hoy gobernador.<\/p>\n\n\n\n<p>Ahora veremos qu\u00e9 rumbo toma el DIF; conoceremos si realmente se est\u00e1 limpiando una casa que nunca debi\u00f3 ensuciarse.<\/p>\n\n\n\n<p><strong>NOTA PARA PEGAR EN EL REFRI: Q<\/strong>ue alguien le diga a las autoridades de la Universidad Veracruzana que muchos periodistas emp\u00edricos que s\u00ed cumplieron con todas las formas, tiempos, tareas, etc., siguen esperando que se les entregue su titulaci\u00f3n prometida para finalmente convertirse en licenciados. Que si hay compa\u00f1eros, compa\u00f1eras, quempe\u00f1eres que se est\u00e1n haciendo los occisos y no le est\u00e1n echando ganas al asunto, pues que s\u00ed tomen en cuenta a quienes est\u00e1n esperando desde hace rato que ya les entreguen sus papeles. El esfuerzo lo hicieron, se prepararon y creo que merecen el reconocimiento\u2026 \u00bfO no? <\/p>\n\n\n\n<p><strong>OTRA NOTA: E<\/strong>l Centro de Salud de Mixtla de Altamirano llevar\u00e1 el nombre de &#8220;Maricela Vallejo Orea&#8221; en honor de la alcaldesa asesinada por no ceder a presiones de los grupos pol\u00edticos ligados al PAN en esa zona. Este fin de semana, se ve que la plana mayor de todo el gobierno anduvo en gira por all\u00e1, porque no faltaron las fotos de la banda con las nubecitas y toda la cosa en el Feis.<\/p>\n\n\n\n<p><strong>LA \u00daLTIMA PORQUE HACE MUCHO FR\u00cdO Y UNA COBIJA ME RECLAMA: <\/strong>Vino el presidente nacional del PRI &#8220;Alito&#8221; Moreno y\u2026 pos nada, pas\u00f3 desapercibido\u2026 De hecho, no se entiende porqu\u00e9 insisten en hacer una gira en el puerto de Veracruz con la misma din\u00e1mica: los reciben en el aeropuerto la c\u00fapula, se toman la foto; de ah\u00ed las camionetas al evento magno o a una reuni\u00f3n de petite comit\u00e9 previa o a tomarse otra foto en el Caf\u00e9 La Parroquia sirvi\u00e9ndose un lechero\u2026 \u00bfNeta? \u00bfDe plano ya se les acab\u00f3 la imaginaci\u00f3n?\u2026 Adem\u00e1s, llegan a una de las zonas veracruzanas donde menos influencia tiene el PRI y el control pol\u00edtico lo ejerce ya desde hace varios el PAN con grupos yunistas y no yunistas. Quiz\u00e1s el error del PRI radica en eso tan sencillo: que le cuesta deshacerse de las viejas pr\u00e1cticas y rituales\u2026 \u00bfPor qu\u00e9 no realizar una gira en Orizaba? Donde tienen a uno de sus mejores ayuntamientos de los \u00faltimos a\u00f1os en toda la entidad y que es para presumirse en todo el pa\u00eds. \u00bfPor qu\u00e9 asistir a un lugar donde ya nadie los pela y donde han perdido notablemente influencia?<br><\/p>\n\n\n\n<p><strong> @pablojair<\/strong><\/p>\n","protected":false},"excerpt":{"rendered":"<p>@pablojair UV no entrega papeles a periodistas. Homenaje a Maricela Vallejo en Mixtla. Vino &#8220;Alito&#8221;\u2026 y pos nada. Esta vez estamos de acuerdo: rebas\u00f3 por mucho la protesta a la violencia de unas cuantas. Bien. &#8211;Chopenjawer feminista. &#8220;En diciembre nos descontaron mil pesos y hasta el momento no justifican porqu\u00e9 lo hicieron&#8221;. Lo anterior es [&hellip;]<\/p>\n","protected":false},"author":1,"featured_media":488,"comment_status":"open","ping_status":"open","sticky":false,"template":"","format":"standard","meta":{"_jetpack_memberships_contains_paid_content":false,"footnotes":""},"categories":[11],"tags":[],"class_list":["post-543","post","type-post","status-publish","format-standard","has-post-thumbnail","hentry","category-opinion"],"jetpack_featured_media_url":"https:\/\/encuentroinformativo.com.mx\/wp-content\/uploads\/2020\/03\/F471F608-BA1A-416B-BA7B-BCFB24F4E6D0.jpeg","jetpack_sharing_enabled":true,"jetpack_likes_enabled":true,"amp_enabled":true,"_links":{"self":[{"href":"https:\/\/encuentroinformativo.com.mx\/index.php?rest_route=\/wp\/v2\/posts\/543","targetHints":{"allow":["GET"]}}],"collection":[{"href":"https:\/\/encuentroinformativo.com.mx\/index.php?rest_route=\/wp\/v2\/posts"}],"about":[{"href":"https:\/\/encuentroinformativo.com.mx\/index.php?rest_route=\/wp\/v2\/types\/post"}],"author":[{"embeddable":true,"href":"https:\/\/encuentroinformativo.com.mx\/index.php?rest_route=\/wp\/v2\/users\/1"}],"replies":[{"embeddable":true,"href":"https:\/\/encuentroinformativo.com.mx\/index.php?rest_route=%2Fwp%2Fv2%2Fcomments&post=543"}],"version-history":[{"count":1,"href":"https:\/\/encuentroinformativo.com.mx\/index.php?rest_route=\/wp\/v2\/posts\/543\/revisions"}],"predecessor-version":[{"id":544,"href":"https:\/\/encuentroinformativo.com.mx\/index.php?rest_route=\/wp\/v2\/posts\/543\/revisions\/544"}],"wp:featuredmedia":[{"embeddable":true,"href":"https:\/\/encuentroinformativo.com.mx\/index.php?rest_route=\/wp\/v2\/media\/488"}],"wp:attachment":[{"href":"https:\/\/encuentroinformativo.com.mx\/index.php?rest_route=%2Fwp%2Fv2%2Fmedia&parent=543"}],"wp:term":[{"taxonomy":"category","embeddable":true,"href":"https:\/\/encuentroinformativo.com.mx\/index.php?rest_route=%2Fwp%2Fv2%2Fcategories&post=543"},{"taxonomy":"post_tag","embeddable":true,"href":"https:\/\/encuentroinformativo.com.mx\/index.php?rest_route=%2Fwp%2Fv2%2Ftags&post=543"}],"curies":[{"name":"wp","href":"https:\/\/api.w.org\/{rel}","templated":true}]}}