{"id":54302,"date":"2024-05-09T22:04:12","date_gmt":"2024-05-10T04:04:12","guid":{"rendered":"https:\/\/encuentroinformativo.com.mx\/?p=54302"},"modified":"2024-05-09T22:04:17","modified_gmt":"2024-05-10T04:04:17","slug":"se-registro-incendio-de-plataforma-maritima-en-alvarado","status":"publish","type":"post","link":"https:\/\/encuentroinformativo.com.mx\/?p=54302","title":{"rendered":"Se registr\u00f3 incendio de plataforma mar\u00edtima en Alvarado"},"content":{"rendered":"\n<p><strong>Alejandro \u00c1vila<\/strong><\/p>\n\n\n\n<p>Alvarado, Ver.- La tarde de este jueves se realiz\u00f3 un fuerte operativo de las corporaciones de emergencia del municipio de Alvarado tras el reporte de incendio en una plataforma mar\u00edtima a la altura de la colonia Las Escolleras.<\/p>\n\n\n\n<p>Al sitio acudieron elementos de Bomberos de Alvarado, Protecci\u00f3n Civil de Alvarado y Capitan\u00eda del Puerto, quienes se coordinaron para mitigar las llamas.<\/p>\n\n\n\n<p>Pescadores de la zona de La Trocha tambi\u00e9n acudieron al sitio para prestar sus servicios y trasladar a algunos trabajadores a tierra firme para recibir las atenciones m\u00e9dicas.<\/p>\n\n\n\n<p>Hasta el momento las corporaciones de emergencia no han dado el parte oficial del motivo que provoc\u00f3 el siniestro en la plataforma mar\u00edtima, de la misma manera, se inform\u00f3 que continuar\u00e1n trabajando en coordinaci\u00f3n para controlar el incendio. El primer reporte indica que no existen personas lesionadas en este suceso, sin embargo se les prestar\u00e1 atenci\u00f3n m\u00e9dica auxiliar a todos los trabajadores.<\/p>\n","protected":false},"excerpt":{"rendered":"<p>Alejandro \u00c1vila Alvarado, Ver.- La tarde de este jueves se realiz\u00f3 un fuerte operativo de las corporaciones de emergencia del municipio de Alvarado tras el reporte de incendio en una plataforma mar\u00edtima a la altura de la colonia Las Escolleras. Al sitio acudieron elementos de Bomberos de Alvarado, Protecci\u00f3n Civil de Alvarado y Capitan\u00eda del [&hellip;]<\/p>\n","protected":false},"author":2476,"featured_media":54303,"comment_status":"open","ping_status":"open","sticky":false,"template":"","format":"standard","meta":{"_jetpack_memberships_contains_paid_content":false,"footnotes":""},"categories":[2],"tags":[],"class_list":["post-54302","post","type-post","status-publish","format-standard","has-post-thumbnail","hentry","category-estado"],"jetpack_featured_media_url":"https:\/\/encuentroinformativo.com.mx\/wp-content\/uploads\/2024\/05\/IMG-20240509-WA0148-scaled.jpg","jetpack_sharing_enabled":true,"jetpack_likes_enabled":true,"amp_enabled":true,"_links":{"self":[{"href":"https:\/\/encuentroinformativo.com.mx\/index.php?rest_route=\/wp\/v2\/posts\/54302","targetHints":{"allow":["GET"]}}],"collection":[{"href":"https:\/\/encuentroinformativo.com.mx\/index.php?rest_route=\/wp\/v2\/posts"}],"about":[{"href":"https:\/\/encuentroinformativo.com.mx\/index.php?rest_route=\/wp\/v2\/types\/post"}],"author":[{"embeddable":true,"href":"https:\/\/encuentroinformativo.com.mx\/index.php?rest_route=\/wp\/v2\/users\/2476"}],"replies":[{"embeddable":true,"href":"https:\/\/encuentroinformativo.com.mx\/index.php?rest_route=%2Fwp%2Fv2%2Fcomments&post=54302"}],"version-history":[{"count":1,"href":"https:\/\/encuentroinformativo.com.mx\/index.php?rest_route=\/wp\/v2\/posts\/54302\/revisions"}],"predecessor-version":[{"id":54305,"href":"https:\/\/encuentroinformativo.com.mx\/index.php?rest_route=\/wp\/v2\/posts\/54302\/revisions\/54305"}],"wp:featuredmedia":[{"embeddable":true,"href":"https:\/\/encuentroinformativo.com.mx\/index.php?rest_route=\/wp\/v2\/media\/54303"}],"wp:attachment":[{"href":"https:\/\/encuentroinformativo.com.mx\/index.php?rest_route=%2Fwp%2Fv2%2Fmedia&parent=54302"}],"wp:term":[{"taxonomy":"category","embeddable":true,"href":"https:\/\/encuentroinformativo.com.mx\/index.php?rest_route=%2Fwp%2Fv2%2Fcategories&post=54302"},{"taxonomy":"post_tag","embeddable":true,"href":"https:\/\/encuentroinformativo.com.mx\/index.php?rest_route=%2Fwp%2Fv2%2Ftags&post=54302"}],"curies":[{"name":"wp","href":"https:\/\/api.w.org\/{rel}","templated":true}]}}