{"id":54319,"date":"2024-05-10T10:25:22","date_gmt":"2024-05-10T16:25:22","guid":{"rendered":"https:\/\/encuentroinformativo.com.mx\/?p=54319"},"modified":"2024-05-10T10:25:28","modified_gmt":"2024-05-10T16:25:28","slug":"denuncian-presencia-de-funcionario-estatal-de-veracruz-en-campanas-politicas","status":"publish","type":"post","link":"https:\/\/encuentroinformativo.com.mx\/?p=54319","title":{"rendered":"Denuncian presencia de funcionario estatal de Veracruz en campa\u00f1as pol\u00edticas"},"content":{"rendered":"\n<p><strong>Alejandro \u00c1vila<\/strong><\/p>\n\n\n\n<p>Veracruz, Ver.- El diputado local, Marlon Ram\u00edrez Mar\u00edn, denunci\u00f3 y evidenci\u00f3 la presencia del encargado del secretario de Gobierno de Veracruz, Carlos Alberto Ju\u00e1rez Gil, en las campa\u00f1as pol\u00edticas.<\/p>\n\n\n\n<p>En su cuenta personal de la red social X, mostr\u00f3 im\u00e1genes de su participaci\u00f3n en un recorrido de la candidata a la diputaci\u00f3n local por el Distrito 16, Guadalupe Tapia, en el municipio Boca del R\u00edo, en horario laboral.<\/p>\n\n\n\n<p>El ex dirigente priista cuestion\u00f3 la imparcialidad y, sobre todo, la ingobernabilidad que existe en el Estado; una entidad que ha sufrido de diversos asesinatos a manos de la delincuencia organizada en las \u00faltimas semanas.<\/p>\n\n\n\n<p>Carlos Alberto Ju\u00e1rez Gil fue nombrado encargado de despacho de la Secretar\u00eda de Gobierno de Veracruz en octubre del 2023, tras la salida de Eric Patrocinio Cisneros Burgos, quien compiti\u00f3 en la encuesta interna de Morena por la gubernatura de Veracruz; posteriormente, en enero del 2024 fue ratificado en su puesto y ungido como secretario de Gobierno.<\/p>\n","protected":false},"excerpt":{"rendered":"<p>Alejandro \u00c1vila Veracruz, Ver.- El diputado local, Marlon Ram\u00edrez Mar\u00edn, denunci\u00f3 y evidenci\u00f3 la presencia del encargado del secretario de Gobierno de Veracruz, Carlos Alberto Ju\u00e1rez Gil, en las campa\u00f1as pol\u00edticas. En su cuenta personal de la red social X, mostr\u00f3 im\u00e1genes de su participaci\u00f3n en un recorrido de la candidata a la diputaci\u00f3n local [&hellip;]<\/p>\n","protected":false},"author":2476,"featured_media":54320,"comment_status":"open","ping_status":"open","sticky":false,"template":"","format":"standard","meta":{"_jetpack_memberships_contains_paid_content":false,"footnotes":""},"categories":[2],"tags":[],"class_list":["post-54319","post","type-post","status-publish","format-standard","has-post-thumbnail","hentry","category-estado"],"jetpack_featured_media_url":"https:\/\/encuentroinformativo.com.mx\/wp-content\/uploads\/2024\/05\/IMG-20240510-WA0014.jpg","jetpack_sharing_enabled":true,"jetpack_likes_enabled":true,"amp_enabled":true,"_links":{"self":[{"href":"https:\/\/encuentroinformativo.com.mx\/index.php?rest_route=\/wp\/v2\/posts\/54319","targetHints":{"allow":["GET"]}}],"collection":[{"href":"https:\/\/encuentroinformativo.com.mx\/index.php?rest_route=\/wp\/v2\/posts"}],"about":[{"href":"https:\/\/encuentroinformativo.com.mx\/index.php?rest_route=\/wp\/v2\/types\/post"}],"author":[{"embeddable":true,"href":"https:\/\/encuentroinformativo.com.mx\/index.php?rest_route=\/wp\/v2\/users\/2476"}],"replies":[{"embeddable":true,"href":"https:\/\/encuentroinformativo.com.mx\/index.php?rest_route=%2Fwp%2Fv2%2Fcomments&post=54319"}],"version-history":[{"count":1,"href":"https:\/\/encuentroinformativo.com.mx\/index.php?rest_route=\/wp\/v2\/posts\/54319\/revisions"}],"predecessor-version":[{"id":54321,"href":"https:\/\/encuentroinformativo.com.mx\/index.php?rest_route=\/wp\/v2\/posts\/54319\/revisions\/54321"}],"wp:featuredmedia":[{"embeddable":true,"href":"https:\/\/encuentroinformativo.com.mx\/index.php?rest_route=\/wp\/v2\/media\/54320"}],"wp:attachment":[{"href":"https:\/\/encuentroinformativo.com.mx\/index.php?rest_route=%2Fwp%2Fv2%2Fmedia&parent=54319"}],"wp:term":[{"taxonomy":"category","embeddable":true,"href":"https:\/\/encuentroinformativo.com.mx\/index.php?rest_route=%2Fwp%2Fv2%2Fcategories&post=54319"},{"taxonomy":"post_tag","embeddable":true,"href":"https:\/\/encuentroinformativo.com.mx\/index.php?rest_route=%2Fwp%2Fv2%2Ftags&post=54319"}],"curies":[{"name":"wp","href":"https:\/\/api.w.org\/{rel}","templated":true}]}}