{"id":54328,"date":"2024-05-10T13:53:58","date_gmt":"2024-05-10T19:53:58","guid":{"rendered":"https:\/\/encuentroinformativo.com.mx\/?p=54328"},"modified":"2024-05-10T13:54:05","modified_gmt":"2024-05-10T19:54:05","slug":"personas-con-discapacidad-piden-mayor-empatia-a-taxistas","status":"publish","type":"post","link":"https:\/\/encuentroinformativo.com.mx\/?p=54328","title":{"rendered":"Personas con discapacidad piden mayor empat\u00eda a taxistas"},"content":{"rendered":"\n<p><strong>Dar\u00edo Pale <\/strong><\/p>\n\n\n\n<p>Xalapa, Ver.- Debido a que en Veracruz existen 1.2 millones de personas con alg\u00fan tipo de discapacidad que est\u00e1n en el padr\u00f3n electoral, pueden ser el fiel de la balanza en esta contienda electoral, as\u00ed lo dio a conocer Jos\u00e9 Arturo Acosta Hern\u00e1ndez activista y director ejecutivo de la Asociaci\u00f3n Veracruzana de Discapacitados productivos A.C.<\/p>\n\n\n\n<p>En conferencia de prensa, invit\u00f3 a todas las personas con alguna discapacidad y que tengan credencial de elector, a emitir su voto este pr\u00f3ximo 2 de junio, ya que destac\u00f3 que en Veracruz se estima que hay 1.2 millones de personas con alg\u00fan tipo de discapacidad y que forman parte del padr\u00f3n electoral.<\/p>\n\n\n\n<p>Reconoci\u00f3 los avances que desde el 2002 el INE y en Ople Veracruz han tenido a trav\u00e9s de la implementaci\u00f3n de diferentes materiales como la plantilla braile, la mampara especial, la etiqueta braile para las urnas, el sello X, as\u00ed como un protocolo muy completo.<\/p>\n\n\n\n<p>Todo ello para garantizar el derecho de las personas con discapacidad a ejercer sus derechos pol\u00edtico-electorales en este proceso electoral.<\/p>\n\n\n\n<p>Expuso que derivado de que las personas con alg\u00fan tipo de discapacidad no cuentan con un entorno urbano accesible; exhort\u00f3 a los familiares, amigos y vecinos a que ayuden en su traslado a sus casillas electorales respectivas y puedan votar.<\/p>\n\n\n\n<p>Tambi\u00e9n, pidi\u00f3 a los taxistas a que sean m\u00e1s emp\u00e1ticos con las personas con discapacidad y faciliten su desplazamiento.<\/p>\n\n\n\n<p>El activista por el derecho de los discapacitados, manifest\u00f3 que el problema que mayormente presentan es que no tienen una manera de llegar a la casilla, porque no hay un transporte urbano accesible, no hay rampas en las esquinas de las calles, no hay sem\u00e1foros especiales, de tal forma que el entorno urbano es &#8220;agresivo para las personas con discapacidad&#8221;.<\/p>\n\n\n\n<p>Por ello, advirti\u00f3 que el acceso al voto est\u00e1 limitado para las personas con discapacidad.<br>Insisti\u00f3 en que los \u00f3rganos electorales s\u00ed han hecho diversos esfuerzos porque puedan emitir su voto en circunstancias adecuadas, pero el problema es c\u00f3mo llegar a la casilla.<\/p>\n\n\n\n<p>Finalmente dijo que, &#8220;ese el punto, el traslado y luego los taxis no te levantan tan f\u00e1cilmente, cuando ven silla de ruedas, se siguen derecho, por eso estoy pidiendo a los taxistas que traten de ser m\u00e1s emp\u00e1ticos en el traslado de las personas con discapacidad&#8221;.<\/p>\n","protected":false},"excerpt":{"rendered":"<p>Dar\u00edo Pale Xalapa, Ver.- Debido a que en Veracruz existen 1.2 millones de personas con alg\u00fan tipo de discapacidad que est\u00e1n en el padr\u00f3n electoral, pueden ser el fiel de la balanza en esta contienda electoral, as\u00ed lo dio a conocer Jos\u00e9 Arturo Acosta Hern\u00e1ndez activista y director ejecutivo de la Asociaci\u00f3n Veracruzana de Discapacitados [&hellip;]<\/p>\n","protected":false},"author":2476,"featured_media":54329,"comment_status":"open","ping_status":"open","sticky":false,"template":"","format":"standard","meta":{"_jetpack_memberships_contains_paid_content":false,"footnotes":""},"categories":[3],"tags":[],"class_list":["post-54328","post","type-post","status-publish","format-standard","has-post-thumbnail","hentry","category-xalapa"],"jetpack_featured_media_url":"https:\/\/encuentroinformativo.com.mx\/wp-content\/uploads\/2024\/05\/IMG-20240510-WA0043.jpg","jetpack_sharing_enabled":true,"jetpack_likes_enabled":true,"amp_enabled":true,"_links":{"self":[{"href":"https:\/\/encuentroinformativo.com.mx\/index.php?rest_route=\/wp\/v2\/posts\/54328","targetHints":{"allow":["GET"]}}],"collection":[{"href":"https:\/\/encuentroinformativo.com.mx\/index.php?rest_route=\/wp\/v2\/posts"}],"about":[{"href":"https:\/\/encuentroinformativo.com.mx\/index.php?rest_route=\/wp\/v2\/types\/post"}],"author":[{"embeddable":true,"href":"https:\/\/encuentroinformativo.com.mx\/index.php?rest_route=\/wp\/v2\/users\/2476"}],"replies":[{"embeddable":true,"href":"https:\/\/encuentroinformativo.com.mx\/index.php?rest_route=%2Fwp%2Fv2%2Fcomments&post=54328"}],"version-history":[{"count":1,"href":"https:\/\/encuentroinformativo.com.mx\/index.php?rest_route=\/wp\/v2\/posts\/54328\/revisions"}],"predecessor-version":[{"id":54330,"href":"https:\/\/encuentroinformativo.com.mx\/index.php?rest_route=\/wp\/v2\/posts\/54328\/revisions\/54330"}],"wp:featuredmedia":[{"embeddable":true,"href":"https:\/\/encuentroinformativo.com.mx\/index.php?rest_route=\/wp\/v2\/media\/54329"}],"wp:attachment":[{"href":"https:\/\/encuentroinformativo.com.mx\/index.php?rest_route=%2Fwp%2Fv2%2Fmedia&parent=54328"}],"wp:term":[{"taxonomy":"category","embeddable":true,"href":"https:\/\/encuentroinformativo.com.mx\/index.php?rest_route=%2Fwp%2Fv2%2Fcategories&post=54328"},{"taxonomy":"post_tag","embeddable":true,"href":"https:\/\/encuentroinformativo.com.mx\/index.php?rest_route=%2Fwp%2Fv2%2Ftags&post=54328"}],"curies":[{"name":"wp","href":"https:\/\/api.w.org\/{rel}","templated":true}]}}