{"id":54331,"date":"2024-05-10T13:58:34","date_gmt":"2024-05-10T19:58:34","guid":{"rendered":"https:\/\/encuentroinformativo.com.mx\/?p=54331"},"modified":"2024-05-10T13:58:40","modified_gmt":"2024-05-10T19:58:40","slug":"madres-integrantes-de-colectivos-de-personas-desaparecidas-marchan-en-xalapa","status":"publish","type":"post","link":"https:\/\/encuentroinformativo.com.mx\/?p=54331","title":{"rendered":"Madres integrantes de colectivos de personas desaparecidas marchan en Xalapa"},"content":{"rendered":"\n<p><strong>Dar\u00edo Pale <\/strong><\/p>\n\n\n\n<p>Xalapa, Ver.- Madres de desaparecidos le piden al Gobernador que no las tire a locas, marchan este 10 de mayo, para ellas no es un d\u00eda de festejo ya que lagunas mares llevan 10 o 15 a\u00f1os buscando a sus hijos y siguen sin respuestas.<\/p>\n\n\n\n<p>Este 10 de mayo, madres y familiares de personas desaparecidos volvieron a salir a las calles para exigir justicia y que las autoridades hagan su trabajo, porque las desapariciones siguen ocurriendo.<\/p>\n\n\n\n<p>Adem\u00e1s, le pidieron al Gobernador que en el poco tiempo que le queda en el cargo, que las atienda y no las tire a locas.<\/p>\n\n\n\n<p>La madre de Alfredo Tlaxcalteco Calte, Mar\u00eda Magdalena Calte, revel\u00f3 que tan s\u00f3lo en la semana pasada localizaron restos de entre 6 y 7 personas.<\/p>\n\n\n\n<p>&#8220;Son much\u00edsimos, fue la semana pasada, pero llevamos cuatro a\u00f1os en este predio (en Xalapa) y cada mes se sacan de 5 a 7 personas&#8221;, se\u00f1al\u00f3.<\/p>\n\n\n\n<p>Magdalena Calte record\u00f3 que su hijo desapareci\u00f3 el 3 de febrero de 2010 y a lo largo de todos estos a\u00f1os lo ha buscado en vida, en barrancas, en fosas clandestinas.<\/p>\n\n\n\n<p>Ah\u00ed, asegur\u00f3 que en Xalapa hay muchas fosas clandestinas, incluso que son las mismas autoridades las que comenten el delito de desaparici\u00f3n.<\/p>\n\n\n\n<p>&#8220;Las mismas autoridades, los desaparecen no se qui\u00e9n. Dejan doble desaparici\u00f3n porque los desaparece el Estado y los desaparecen las personas&#8221;, lament\u00f3.<\/p>\n\n\n\n<p>Dijo que es una situaci\u00f3n &#8220;afortunada&#8221; que algunas madres despu\u00e9s de buscarlos uno o dos a\u00f1os encuentran los restos de sus hijos, porque hay otras, como ella, que tienen 10, 15 o m\u00e1s a\u00f1os buscando a sus seres amados.<\/p>\n\n\n\n<p>Revel\u00f3 que lamentablemente las desapariciones no cesan, tan s\u00f3lo tienen conocimiento de que diariamente desaparecen 34 personas.<\/p>\n\n\n\n<p>&#8220;Entre ni\u00f1os, hombres, mujeres, se\u00f1ores, porque ya ahora hasta de la tercera edad se est\u00e1n desapareciendo&#8221;, revel\u00f3.<\/p>\n\n\n\n<p>Las madres afirmaron que este d\u00eda no es un d\u00eda de festejo, ellas tienen un nudo en la garganta por no encontrarlos y todo es consecuencia de lo que muchos gobiernos hicieron y deshicieron.<\/p>\n\n\n\n<p>&#8220;Yo lo que quiero pedirle a Cuitl\u00e1huac es que se enfoque, ya en lo poquito que le queda, en las madres que buscamos a nuestros hijos, que nos deje algo, algo bueno, porque cada vez que lo buscamos nos tira a locas&#8221;, expres\u00f3.<\/p>\n\n\n\n<p>Finalmente se\u00f1al\u00f3 que, en este proceso electoral lo que quieren es que quien gane se haga responsable de todos los desaparecidos.<\/p>\n","protected":false},"excerpt":{"rendered":"<p>Dar\u00edo Pale Xalapa, Ver.- Madres de desaparecidos le piden al Gobernador que no las tire a locas, marchan este 10 de mayo, para ellas no es un d\u00eda de festejo ya que lagunas mares llevan 10 o 15 a\u00f1os buscando a sus hijos y siguen sin respuestas. Este 10 de mayo, madres y familiares de [&hellip;]<\/p>\n","protected":false},"author":2476,"featured_media":54332,"comment_status":"open","ping_status":"open","sticky":false,"template":"","format":"standard","meta":{"_jetpack_memberships_contains_paid_content":false,"footnotes":""},"categories":[3],"tags":[],"class_list":["post-54331","post","type-post","status-publish","format-standard","has-post-thumbnail","hentry","category-xalapa"],"jetpack_featured_media_url":"https:\/\/encuentroinformativo.com.mx\/wp-content\/uploads\/2024\/05\/IMG-20240510-WA0053.jpg","jetpack_sharing_enabled":true,"jetpack_likes_enabled":true,"amp_enabled":true,"_links":{"self":[{"href":"https:\/\/encuentroinformativo.com.mx\/index.php?rest_route=\/wp\/v2\/posts\/54331","targetHints":{"allow":["GET"]}}],"collection":[{"href":"https:\/\/encuentroinformativo.com.mx\/index.php?rest_route=\/wp\/v2\/posts"}],"about":[{"href":"https:\/\/encuentroinformativo.com.mx\/index.php?rest_route=\/wp\/v2\/types\/post"}],"author":[{"embeddable":true,"href":"https:\/\/encuentroinformativo.com.mx\/index.php?rest_route=\/wp\/v2\/users\/2476"}],"replies":[{"embeddable":true,"href":"https:\/\/encuentroinformativo.com.mx\/index.php?rest_route=%2Fwp%2Fv2%2Fcomments&post=54331"}],"version-history":[{"count":1,"href":"https:\/\/encuentroinformativo.com.mx\/index.php?rest_route=\/wp\/v2\/posts\/54331\/revisions"}],"predecessor-version":[{"id":54333,"href":"https:\/\/encuentroinformativo.com.mx\/index.php?rest_route=\/wp\/v2\/posts\/54331\/revisions\/54333"}],"wp:featuredmedia":[{"embeddable":true,"href":"https:\/\/encuentroinformativo.com.mx\/index.php?rest_route=\/wp\/v2\/media\/54332"}],"wp:attachment":[{"href":"https:\/\/encuentroinformativo.com.mx\/index.php?rest_route=%2Fwp%2Fv2%2Fmedia&parent=54331"}],"wp:term":[{"taxonomy":"category","embeddable":true,"href":"https:\/\/encuentroinformativo.com.mx\/index.php?rest_route=%2Fwp%2Fv2%2Fcategories&post=54331"},{"taxonomy":"post_tag","embeddable":true,"href":"https:\/\/encuentroinformativo.com.mx\/index.php?rest_route=%2Fwp%2Fv2%2Ftags&post=54331"}],"curies":[{"name":"wp","href":"https:\/\/api.w.org\/{rel}","templated":true}]}}