{"id":54334,"date":"2024-05-10T14:01:44","date_gmt":"2024-05-10T20:01:44","guid":{"rendered":"https:\/\/encuentroinformativo.com.mx\/?p=54334"},"modified":"2024-05-10T14:01:50","modified_gmt":"2024-05-10T20:01:50","slug":"por-10-de-mayo-pausan-planton-en-la-sev","status":"publish","type":"post","link":"https:\/\/encuentroinformativo.com.mx\/?p=54334","title":{"rendered":"Por 10 de Mayo, &#8220;pausan&#8221; plant\u00f3n en la SEV"},"content":{"rendered":"\n<p><strong>Juan Arcos <\/strong><\/p>\n\n\n\n<p>Xalapa, Ver.- Los docentes sindicalizados que mantuvieron la toma de las oficinas centrales de la Secretar\u00eda de Educaci\u00f3n de Veracruz (SEV), en la ciudad de Xalapa, desde hace tres d\u00edas suspendieron el plant\u00f3n durante 48 horas para festejar el D\u00eda de las Madres.<\/p>\n\n\n\n<p>Los integrantes de la Uni\u00f3n de Sindicatos Magisteriales del Estado de Veracruz (USMEV) reactivar\u00edan la protesta el pr\u00f3ximo lunes debido al presunto incumplimiento de acuerdos por parte de las autoridades educativas.<\/p>\n\n\n\n<p>El secretario general del Gremio Nacional de Trabajadores de la Educaci\u00f3n (GNTE), Avith Moctezuma Uscanga, denunci\u00f3 que se manifestaron desde el pasado mi\u00e9rcoles 8 de mayo, sin obtener una respuesta favorable.<\/p>\n\n\n\n<p>&#8220;Hacemos una pausa, 48 horas, nos retiramos a nuestros domicilios a celebrar el 10 de mayo con nuestras familias y reanudamos en pr\u00f3ximas horas para hacer nuevamente el paro hasta encontrar las soluciones que son justas para los trabajadores de la educaci\u00f3n\u201d.<\/p>\n\n\n\n<p>Los docentes tambi\u00e9n hab\u00edan tomado las instalaciones de las direcciones generales de Educaci\u00f3n Primaria Estatal, de Bachillerato y de Telebachillerato, ubicadas en diferentes puntos de la ciudad de Xalapa.<\/p>\n\n\n\n<p>El l\u00edder sindical lament\u00f3 que no haya atenci\u00f3n por parte de las autoridades para dar seguimiento a las demandas de las organizaciones sindicales.<\/p>\n\n\n\n<p>&#8220;Hoy es el tercer d\u00eda, vinieron el mi\u00e9rcoles a ofrecer nada y pues obvio que ya no estamos dispuestos a seguir confiando en una palabra que no tienen y que no cumplen. Les pedimos que regresaran con las soluciones y no m\u00e1s demagogias y ya no regresaron, lo que quiere decir que no tienen las soluciones&#8221;, a\u00f1adi\u00f3 z<\/p>\n\n\n\n<p>Los profesores exigen cambios de adscripci\u00f3n, nombramientos hasta nuevo aviso, distintos tipos de movimiento de personal, as\u00ed como el techo presupuestal para la recategorizaci\u00f3n de los trabajadores homologados.<\/p>\n\n\n\n<p>En la protesta tambi\u00e9n participaron miembros del Sindicato Aut\u00e9ntico de Trabajadores de Telebachillerato y de la Educaci\u00f3n de Veracruz (SATEBAEV); Alternativa Sindical de Trabajadores de la Educaci\u00f3n de Veracruz (ASTEV) y el Sindicato Independiente de Regeneraci\u00f3n Magisterial (SIRMA).<\/p>\n","protected":false},"excerpt":{"rendered":"<p>Juan Arcos Xalapa, Ver.- Los docentes sindicalizados que mantuvieron la toma de las oficinas centrales de la Secretar\u00eda de Educaci\u00f3n de Veracruz (SEV), en la ciudad de Xalapa, desde hace tres d\u00edas suspendieron el plant\u00f3n durante 48 horas para festejar el D\u00eda de las Madres. Los integrantes de la Uni\u00f3n de Sindicatos Magisteriales del Estado [&hellip;]<\/p>\n","protected":false},"author":2476,"featured_media":54335,"comment_status":"open","ping_status":"open","sticky":false,"template":"","format":"standard","meta":{"_jetpack_memberships_contains_paid_content":false,"footnotes":""},"categories":[2],"tags":[],"class_list":["post-54334","post","type-post","status-publish","format-standard","has-post-thumbnail","hentry","category-estado"],"jetpack_featured_media_url":"https:\/\/encuentroinformativo.com.mx\/wp-content\/uploads\/2024\/05\/IMG_6194.jpg","jetpack_sharing_enabled":true,"jetpack_likes_enabled":true,"amp_enabled":true,"_links":{"self":[{"href":"https:\/\/encuentroinformativo.com.mx\/index.php?rest_route=\/wp\/v2\/posts\/54334","targetHints":{"allow":["GET"]}}],"collection":[{"href":"https:\/\/encuentroinformativo.com.mx\/index.php?rest_route=\/wp\/v2\/posts"}],"about":[{"href":"https:\/\/encuentroinformativo.com.mx\/index.php?rest_route=\/wp\/v2\/types\/post"}],"author":[{"embeddable":true,"href":"https:\/\/encuentroinformativo.com.mx\/index.php?rest_route=\/wp\/v2\/users\/2476"}],"replies":[{"embeddable":true,"href":"https:\/\/encuentroinformativo.com.mx\/index.php?rest_route=%2Fwp%2Fv2%2Fcomments&post=54334"}],"version-history":[{"count":1,"href":"https:\/\/encuentroinformativo.com.mx\/index.php?rest_route=\/wp\/v2\/posts\/54334\/revisions"}],"predecessor-version":[{"id":54336,"href":"https:\/\/encuentroinformativo.com.mx\/index.php?rest_route=\/wp\/v2\/posts\/54334\/revisions\/54336"}],"wp:featuredmedia":[{"embeddable":true,"href":"https:\/\/encuentroinformativo.com.mx\/index.php?rest_route=\/wp\/v2\/media\/54335"}],"wp:attachment":[{"href":"https:\/\/encuentroinformativo.com.mx\/index.php?rest_route=%2Fwp%2Fv2%2Fmedia&parent=54334"}],"wp:term":[{"taxonomy":"category","embeddable":true,"href":"https:\/\/encuentroinformativo.com.mx\/index.php?rest_route=%2Fwp%2Fv2%2Fcategories&post=54334"},{"taxonomy":"post_tag","embeddable":true,"href":"https:\/\/encuentroinformativo.com.mx\/index.php?rest_route=%2Fwp%2Fv2%2Ftags&post=54334"}],"curies":[{"name":"wp","href":"https:\/\/api.w.org\/{rel}","templated":true}]}}