{"id":54355,"date":"2024-05-11T12:47:17","date_gmt":"2024-05-11T18:47:17","guid":{"rendered":"https:\/\/encuentroinformativo.com.mx\/?p=54355"},"modified":"2024-05-11T12:47:23","modified_gmt":"2024-05-11T18:47:23","slug":"vuelve-escuela-de-clavados-veracruz-en-leyes-de-reforma","status":"publish","type":"post","link":"https:\/\/encuentroinformativo.com.mx\/?p=54355","title":{"rendered":"Vuelve Escuela de Clavados Veracruz en Leyes de Reforma"},"content":{"rendered":"\n<p><strong>Alejandro \u00c1vila<\/strong><\/p>\n\n\n\n<p>Veracruz, Ver.- Tras varios meses de ausencia y pugnas administrativas, el pr\u00f3ximo 20 de mayo volver\u00e1 abrir sus puertas la Escuela de Clavados de Veracruz en el complejo deportivo &#8220;Leyes de Reforma&#8221; del municipio de Boca del R\u00edo.<\/p>\n\n\n\n<p>El encargado de dirigir esta disciplina que se ha convertido en un semillero de medallas para la entidad veracruzana, ser\u00e1 el entrenador con Certificaci\u00f3n Nacional por la FMN, as\u00ed Certificaci\u00f3n Internacional por World Aquatics, Ricardo Gonz\u00e1lez.<\/p>\n\n\n\n<p>De dicho complejo deportivo han salido medallistas estatales, nacionales e internacionales como: Kevin Berl\u00edn, Dolores Hern\u00e1ndez, Samantha Jim\u00e9nez, Viviana del Angel y Kevin Mu\u00f1oz.<\/p>\n\n\n\n<p>Las clases ser\u00e1n impartidas lunes, mi\u00e9rcoles y viernes de 4:00 a 5:30 de la tarde en 4 grupos; infantiles: de 6 a 8 a\u00f1os, Kids: de 9 a 11 a\u00f1os, juveniles: de 12 a 18 a\u00f1os y mayores: de 19 a\u00f1os en adelante.<\/p>\n\n\n\n<p>Las inscripciones se podr\u00e1n realizar a partir del lunes 13 de mayo en las instalaciones de Aquasport dentro de la Ciudad Deportiva &#8220;Leyes de Reforma&#8221;.<\/p>\n\n\n\n<p>Mayores informes con el coach Ricardo Gonz\u00e1lez al 2291469222 o a trav\u00e9s de la p\u00e1gina de facebook Clavados Veracruz.<\/p>\n","protected":false},"excerpt":{"rendered":"<p>Alejandro \u00c1vila Veracruz, Ver.- Tras varios meses de ausencia y pugnas administrativas, el pr\u00f3ximo 20 de mayo volver\u00e1 abrir sus puertas la Escuela de Clavados de Veracruz en el complejo deportivo &#8220;Leyes de Reforma&#8221; del municipio de Boca del R\u00edo. El encargado de dirigir esta disciplina que se ha convertido en un semillero de medallas [&hellip;]<\/p>\n","protected":false},"author":2476,"featured_media":54356,"comment_status":"open","ping_status":"open","sticky":false,"template":"","format":"standard","meta":{"_jetpack_memberships_contains_paid_content":false,"footnotes":""},"categories":[2],"tags":[],"class_list":["post-54355","post","type-post","status-publish","format-standard","has-post-thumbnail","hentry","category-estado"],"jetpack_featured_media_url":"https:\/\/encuentroinformativo.com.mx\/wp-content\/uploads\/2024\/05\/IMG-20240511-WA0012.jpg","jetpack_sharing_enabled":true,"jetpack_likes_enabled":true,"amp_enabled":true,"_links":{"self":[{"href":"https:\/\/encuentroinformativo.com.mx\/index.php?rest_route=\/wp\/v2\/posts\/54355","targetHints":{"allow":["GET"]}}],"collection":[{"href":"https:\/\/encuentroinformativo.com.mx\/index.php?rest_route=\/wp\/v2\/posts"}],"about":[{"href":"https:\/\/encuentroinformativo.com.mx\/index.php?rest_route=\/wp\/v2\/types\/post"}],"author":[{"embeddable":true,"href":"https:\/\/encuentroinformativo.com.mx\/index.php?rest_route=\/wp\/v2\/users\/2476"}],"replies":[{"embeddable":true,"href":"https:\/\/encuentroinformativo.com.mx\/index.php?rest_route=%2Fwp%2Fv2%2Fcomments&post=54355"}],"version-history":[{"count":1,"href":"https:\/\/encuentroinformativo.com.mx\/index.php?rest_route=\/wp\/v2\/posts\/54355\/revisions"}],"predecessor-version":[{"id":54357,"href":"https:\/\/encuentroinformativo.com.mx\/index.php?rest_route=\/wp\/v2\/posts\/54355\/revisions\/54357"}],"wp:featuredmedia":[{"embeddable":true,"href":"https:\/\/encuentroinformativo.com.mx\/index.php?rest_route=\/wp\/v2\/media\/54356"}],"wp:attachment":[{"href":"https:\/\/encuentroinformativo.com.mx\/index.php?rest_route=%2Fwp%2Fv2%2Fmedia&parent=54355"}],"wp:term":[{"taxonomy":"category","embeddable":true,"href":"https:\/\/encuentroinformativo.com.mx\/index.php?rest_route=%2Fwp%2Fv2%2Fcategories&post=54355"},{"taxonomy":"post_tag","embeddable":true,"href":"https:\/\/encuentroinformativo.com.mx\/index.php?rest_route=%2Fwp%2Fv2%2Ftags&post=54355"}],"curies":[{"name":"wp","href":"https:\/\/api.w.org\/{rel}","templated":true}]}}