{"id":54371,"date":"2024-05-12T11:57:36","date_gmt":"2024-05-12T17:57:36","guid":{"rendered":"https:\/\/encuentroinformativo.com.mx\/?p=54371"},"modified":"2024-05-12T11:57:46","modified_gmt":"2024-05-12T17:57:46","slug":"fallecio-jesus-menor-atropellado-por-un-motociclista","status":"publish","type":"post","link":"https:\/\/encuentroinformativo.com.mx\/?p=54371","title":{"rendered":"Falleci\u00f3 Jes\u00fas, menor atropellado por un motociclista"},"content":{"rendered":"\n<p><strong>Juan Arcos <\/strong><\/p>\n\n\n\n<p>Xalapa, Ver.- La noche del s\u00e1bado 11 de mayo se report\u00f3 el fallecimiento del ni\u00f1o Jes\u00fas, de siete a\u00f1os, quien fue atropellado en la ciudad de Xalapa y el motociclista se dio a la fuga.<\/p>\n\n\n\n<p>El menor fue arrollado el pasado mi\u00e9rcoles 8 de mayo sobre la calle Lino Serrano de la colonia 21 de Marzo, en los l\u00edmites de la ciudad de Xalapa con el municipio de Banderilla.<\/p>\n\n\n\n<p>Jes\u00fas result\u00f3 gravemente herido, con fracturas en piernas, brazos y lesiones en la cabeza; sin embargo, el conductor huy\u00f3 para deslindarse de su responsabilidad.<\/p>\n\n\n\n<p>Los familiares del menor y los dem\u00e1s vecinos protestaron el pasado jueves para exigir la intervenci\u00f3n de las autoridades y se garantice la justicia en el caso.<\/p>\n\n\n\n<p>Las personas bloquearon la calle donde ocurri\u00f3 el accidente tambi\u00e9n para pedir ayuda a la poblaci\u00f3n y as\u00ed localizar al responsable de las lesiones del menor.<\/p>\n\n\n\n<p>El ni\u00f1o estaba delicado de salud y necesitaba del apoyo de las autoridades y de la poblaci\u00f3n para localizar al motociclista, en busca de que se haga responsable de estos hechos.<\/p>\n\n\n\n<p>La gente hab\u00eda compartido en redes sociales fotograf\u00edas y material captado con c\u00e1maras de videovigilancia donde se observa al motociclista cuando circula por el lugar.<\/p>\n\n\n\n<p>Jes\u00fas estuvo en la cama n\u00famero 3 de Terapia Intensiva, en el Centro de Alta Especialidad (CAE) \u201cDoctor Rafael Lucio\u201d, donde tambi\u00e9n hab\u00edan solicitado ayuda para la donaci\u00f3n de sangre; sin embargo, lamentablemente se report\u00f3 su fallecimiento.<\/p>\n","protected":false},"excerpt":{"rendered":"<p>Juan Arcos Xalapa, Ver.- La noche del s\u00e1bado 11 de mayo se report\u00f3 el fallecimiento del ni\u00f1o Jes\u00fas, de siete a\u00f1os, quien fue atropellado en la ciudad de Xalapa y el motociclista se dio a la fuga. El menor fue arrollado el pasado mi\u00e9rcoles 8 de mayo sobre la calle Lino Serrano de la colonia [&hellip;]<\/p>\n","protected":false},"author":2476,"featured_media":54372,"comment_status":"open","ping_status":"open","sticky":false,"template":"","format":"standard","meta":{"_jetpack_memberships_contains_paid_content":false,"footnotes":""},"categories":[3],"tags":[],"class_list":["post-54371","post","type-post","status-publish","format-standard","has-post-thumbnail","hentry","category-xalapa"],"jetpack_featured_media_url":"https:\/\/encuentroinformativo.com.mx\/wp-content\/uploads\/2024\/05\/f35b93bd-acd7-446a-a143-4da5d2bb7dd7.jpg","jetpack_sharing_enabled":true,"jetpack_likes_enabled":true,"amp_enabled":true,"_links":{"self":[{"href":"https:\/\/encuentroinformativo.com.mx\/index.php?rest_route=\/wp\/v2\/posts\/54371","targetHints":{"allow":["GET"]}}],"collection":[{"href":"https:\/\/encuentroinformativo.com.mx\/index.php?rest_route=\/wp\/v2\/posts"}],"about":[{"href":"https:\/\/encuentroinformativo.com.mx\/index.php?rest_route=\/wp\/v2\/types\/post"}],"author":[{"embeddable":true,"href":"https:\/\/encuentroinformativo.com.mx\/index.php?rest_route=\/wp\/v2\/users\/2476"}],"replies":[{"embeddable":true,"href":"https:\/\/encuentroinformativo.com.mx\/index.php?rest_route=%2Fwp%2Fv2%2Fcomments&post=54371"}],"version-history":[{"count":1,"href":"https:\/\/encuentroinformativo.com.mx\/index.php?rest_route=\/wp\/v2\/posts\/54371\/revisions"}],"predecessor-version":[{"id":54373,"href":"https:\/\/encuentroinformativo.com.mx\/index.php?rest_route=\/wp\/v2\/posts\/54371\/revisions\/54373"}],"wp:featuredmedia":[{"embeddable":true,"href":"https:\/\/encuentroinformativo.com.mx\/index.php?rest_route=\/wp\/v2\/media\/54372"}],"wp:attachment":[{"href":"https:\/\/encuentroinformativo.com.mx\/index.php?rest_route=%2Fwp%2Fv2%2Fmedia&parent=54371"}],"wp:term":[{"taxonomy":"category","embeddable":true,"href":"https:\/\/encuentroinformativo.com.mx\/index.php?rest_route=%2Fwp%2Fv2%2Fcategories&post=54371"},{"taxonomy":"post_tag","embeddable":true,"href":"https:\/\/encuentroinformativo.com.mx\/index.php?rest_route=%2Fwp%2Fv2%2Ftags&post=54371"}],"curies":[{"name":"wp","href":"https:\/\/api.w.org\/{rel}","templated":true}]}}