{"id":54377,"date":"2024-05-12T15:21:21","date_gmt":"2024-05-12T21:21:21","guid":{"rendered":"https:\/\/encuentroinformativo.com.mx\/?p=54377"},"modified":"2024-05-12T15:21:28","modified_gmt":"2024-05-12T21:21:28","slug":"amsa-pretende-que-cafetaleros-vuelvan-a-la-carcel","status":"publish","type":"post","link":"https:\/\/encuentroinformativo.com.mx\/?p=54377","title":{"rendered":"AMSA pretende que cafetaleros vuelvan a la c\u00e1rcel"},"content":{"rendered":"\n<p><strong>Juan Arcos <\/strong><\/p>\n\n\n\n<p>Xalapa, Ver.- La empresa Agroindustrias Unidas de M\u00e9xico (AMSA) solicit\u00f3 a un juez la revocaci\u00f3n de la absoluci\u00f3n de los cinco cafetaleros que acus\u00f3 con testimonios falsos.<\/p>\n\n\n\n<p>Los cafetaleros fueron acusados del delito de estragos por presuntamente haber ocasionado un incendio durante una manifestaci\u00f3n en el municipio de Ixhuatl\u00e1n del Caf\u00e9.<\/p>\n\n\n\n<p>Desde el 20 de enero de 2022, los productores protestaban en Ixhuatl\u00e1n del Caf\u00e9 por la baja arbitraria de precios que realiz\u00f3 AMSA.<\/p>\n\n\n\n<p>El 24 de enero se dio un peque\u00f1o incendio en una oficina del beneficio de caf\u00e9 que tiene la empresa. Acusaron a los productores de haberlo realizado.<\/p>\n\n\n\n<p>\u201cUn d\u00eda antes ya hab\u00eda medios que dec\u00edan que se quemar\u00eda el beneficio. Como era tan peque\u00f1o pusieron otras fotos como la que se presenta que es de un tractocami\u00f3n en la autopista de C\u00f3rdoba. Para abril del 2022, ya ten\u00edan un peritaje que se\u00f1alaba que en el incendio se hab\u00eda utilizado material celul\u00f3sico (papel) y no gasolina y di\u00e9sel\u201d, se lee en un pronunciamiento.<\/p>\n\n\n\n<p>El 26 de mayo de 2023, m\u00e1s de un a\u00f1o despu\u00e9s, se dio la orden de aprehensi\u00f3n contra 12 personas, cinco fueron encarceladas y los dem\u00e1s huyeron.<\/p>\n\n\n\n<p>En la acusaci\u00f3n, se utilizaron 30 testimonios de personas (15 no dieron nombre) que dec\u00edan que como 200 gentes hab\u00edan derribado el port\u00f3n y los acusados llevaban bidones de gasolina y prendieron fuego a las instalaciones. Todos dec\u00edan los mismos detalles. Por gestiones de los familiares y presi\u00f3n social salieron de la c\u00e1rcel los cinco detenidos y el juicio sigui\u00f3.<\/p>\n\n\n\n<p>\u201cEs claro que el peque\u00f1o incendio lo provoco la misma empresa y sus amigos y que se pusieron de acuerdo de manera fraudulenta con las autoridades locales para presentar una acusaci\u00f3n con testimonios falsos\u201d.<\/p>\n\n\n\n<p>Durante 10 meses los acusados solicitaron a las autoridades estatales que recibieran las pruebas de los acusados que demostrar\u00edan que se encontraban en otros lugares y no participaron en el incendio.<\/p>\n\n\n\n<p>Tres veces instruy\u00f3 el presidente de la Rep\u00fablica, Andr\u00e9s Manuel L\u00f3pez Obrador, que se viera este caso, pero las autoridades estatales siguieron con el mismo.<\/p>\n\n\n\n<p>Con la gesti\u00f3n de los familiares, a la cuarta instrucci\u00f3n presidencial, de la Secretar\u00eda de Gobernaci\u00f3n, recibieron a los acusados, se revisaron sus pruebas y lograron que el juez las recibiera. De Gobernaci\u00f3n concluyeron que lo adecuado era que las autoridades locales se desistieran de la acusaci\u00f3n, lo cual fue aceptado por acusados y familiares.<\/p>\n\n\n\n<p>\u201cUn nuevo juez revis\u00f3 el expediente y en pocos d\u00edas procedi\u00f3 a un sobreseimiento y absolvi\u00f3 solo a los cinco de los acusados que hab\u00edan sido detenidos. Su conclusi\u00f3n fue clara. Hab\u00eda un peritaje que se\u00f1alaba que no hubo un incendio con gasolina y di\u00e9sel, que los testimonios que present\u00f3 la empresa eran tan incoherentes que no acreditaban que los acusados hab\u00edan cometido el incendio, adem\u00e1s los acusados hab\u00edan presentado pruebas claras de que estaban en otros lugares\u201d, enfatizan.<\/p>\n","protected":false},"excerpt":{"rendered":"<p>Juan Arcos Xalapa, Ver.- La empresa Agroindustrias Unidas de M\u00e9xico (AMSA) solicit\u00f3 a un juez la revocaci\u00f3n de la absoluci\u00f3n de los cinco cafetaleros que acus\u00f3 con testimonios falsos. Los cafetaleros fueron acusados del delito de estragos por presuntamente haber ocasionado un incendio durante una manifestaci\u00f3n en el municipio de Ixhuatl\u00e1n del Caf\u00e9. Desde el [&hellip;]<\/p>\n","protected":false},"author":2476,"featured_media":54378,"comment_status":"open","ping_status":"open","sticky":false,"template":"","format":"standard","meta":{"_jetpack_memberships_contains_paid_content":false,"footnotes":""},"categories":[8],"tags":[],"class_list":["post-54377","post","type-post","status-publish","format-standard","has-post-thumbnail","hentry","category-region"],"jetpack_featured_media_url":"https:\/\/encuentroinformativo.com.mx\/wp-content\/uploads\/2024\/05\/IMG_4416.jpg","jetpack_sharing_enabled":true,"jetpack_likes_enabled":true,"amp_enabled":true,"_links":{"self":[{"href":"https:\/\/encuentroinformativo.com.mx\/index.php?rest_route=\/wp\/v2\/posts\/54377","targetHints":{"allow":["GET"]}}],"collection":[{"href":"https:\/\/encuentroinformativo.com.mx\/index.php?rest_route=\/wp\/v2\/posts"}],"about":[{"href":"https:\/\/encuentroinformativo.com.mx\/index.php?rest_route=\/wp\/v2\/types\/post"}],"author":[{"embeddable":true,"href":"https:\/\/encuentroinformativo.com.mx\/index.php?rest_route=\/wp\/v2\/users\/2476"}],"replies":[{"embeddable":true,"href":"https:\/\/encuentroinformativo.com.mx\/index.php?rest_route=%2Fwp%2Fv2%2Fcomments&post=54377"}],"version-history":[{"count":1,"href":"https:\/\/encuentroinformativo.com.mx\/index.php?rest_route=\/wp\/v2\/posts\/54377\/revisions"}],"predecessor-version":[{"id":54379,"href":"https:\/\/encuentroinformativo.com.mx\/index.php?rest_route=\/wp\/v2\/posts\/54377\/revisions\/54379"}],"wp:featuredmedia":[{"embeddable":true,"href":"https:\/\/encuentroinformativo.com.mx\/index.php?rest_route=\/wp\/v2\/media\/54378"}],"wp:attachment":[{"href":"https:\/\/encuentroinformativo.com.mx\/index.php?rest_route=%2Fwp%2Fv2%2Fmedia&parent=54377"}],"wp:term":[{"taxonomy":"category","embeddable":true,"href":"https:\/\/encuentroinformativo.com.mx\/index.php?rest_route=%2Fwp%2Fv2%2Fcategories&post=54377"},{"taxonomy":"post_tag","embeddable":true,"href":"https:\/\/encuentroinformativo.com.mx\/index.php?rest_route=%2Fwp%2Fv2%2Ftags&post=54377"}],"curies":[{"name":"wp","href":"https:\/\/api.w.org\/{rel}","templated":true}]}}