{"id":5438,"date":"2020-09-01T15:11:49","date_gmt":"2020-09-01T20:11:49","guid":{"rendered":"https:\/\/encuentroinformativo.com\/?p=5438"},"modified":"2020-09-01T15:11:54","modified_gmt":"2020-09-01T20:11:54","slug":"inscripcion-a-bachillerato-no-es-condicionada-segun-la-sev","status":"publish","type":"post","link":"https:\/\/encuentroinformativo.com.mx\/?p=5438","title":{"rendered":"Inscripci\u00f3n a bachillerato no es condicionada, seg\u00fan la SEV"},"content":{"rendered":"\n<p><strong>Dar\u00edo Pale <\/strong><\/p>\n\n\n\n<p>Xalapa, Ver.- Ninguna inscripci\u00f3n al bachillerato se est\u00e1 condicionando al pago de las cuotas escolares, las cuales reiter\u00f3 son voluntarias, as\u00ed lo asegur\u00f3 el subsecretario de Educaci\u00f3n Media Superior y Superior, Jorge Miguel Uscanga Escobar.<\/p>\n\n\n\n<p>Entrevistado posterior a la guardia de honor frente al padre de la patria Don Miguel Hidalgo y Costilla exhort\u00f3 a los padres de familia de que en caso de que se le condicione a un alumno la entrada al servicio educativo presente una denuncia \u201cporque no es legal\u201d.<\/p>\n\n\n\n<p>Incluso agreg\u00f3 que podr\u00eda sancionar a cualquier servidor p\u00fablico que condicione el ingreso.<\/p>\n\n\n\n<p>Refiri\u00f3 que las cuotas escolares son cobradas por la Asociaci\u00f3n de Padres de Familia las cuales \u201chist\u00f3ricamente han servido para apoyar a cada uno de los planteles\u201d.<\/p>\n\n\n\n<p>Sin embargo indic\u00f3 que actualmente se est\u00e1 viviendo una situaci\u00f3n de pandemia, por ello se tiene que ser solidario y atento a la situaci\u00f3n econ\u00f3mica.<\/p>\n\n\n\n<p>Finalmente reiter\u00f3 que se denuncie cuando se presente cualquier condicionamiento de ingreso al bachillerato, en ese sentido puso a disposici\u00f3n de la ciudadan\u00eda el n\u00famero telef\u00f3nico: 2289800540 para presentar su denuncia.<\/p>\n\n\n\n<p><\/p>\n","protected":false},"excerpt":{"rendered":"<p>Dar\u00edo Pale Xalapa, Ver.- Ninguna inscripci\u00f3n al bachillerato se est\u00e1 condicionando al pago de las cuotas escolares, las cuales reiter\u00f3 son voluntarias, as\u00ed lo asegur\u00f3 el subsecretario de Educaci\u00f3n Media Superior y Superior, Jorge Miguel Uscanga Escobar. Entrevistado posterior a la guardia de honor frente al padre de la patria Don Miguel Hidalgo y Costilla [&hellip;]<\/p>\n","protected":false},"author":1,"featured_media":5439,"comment_status":"open","ping_status":"open","sticky":false,"template":"","format":"standard","meta":{"_jetpack_memberships_contains_paid_content":false,"footnotes":""},"categories":[2],"tags":[],"class_list":["post-5438","post","type-post","status-publish","format-standard","has-post-thumbnail","hentry","category-estado"],"jetpack_featured_media_url":"https:\/\/encuentroinformativo.com.mx\/wp-content\/uploads\/2020\/09\/6C95F549-7A36-4BFF-9632-7062FF04F970.jpeg","jetpack_sharing_enabled":true,"jetpack_likes_enabled":true,"amp_enabled":true,"_links":{"self":[{"href":"https:\/\/encuentroinformativo.com.mx\/index.php?rest_route=\/wp\/v2\/posts\/5438","targetHints":{"allow":["GET"]}}],"collection":[{"href":"https:\/\/encuentroinformativo.com.mx\/index.php?rest_route=\/wp\/v2\/posts"}],"about":[{"href":"https:\/\/encuentroinformativo.com.mx\/index.php?rest_route=\/wp\/v2\/types\/post"}],"author":[{"embeddable":true,"href":"https:\/\/encuentroinformativo.com.mx\/index.php?rest_route=\/wp\/v2\/users\/1"}],"replies":[{"embeddable":true,"href":"https:\/\/encuentroinformativo.com.mx\/index.php?rest_route=%2Fwp%2Fv2%2Fcomments&post=5438"}],"version-history":[{"count":1,"href":"https:\/\/encuentroinformativo.com.mx\/index.php?rest_route=\/wp\/v2\/posts\/5438\/revisions"}],"predecessor-version":[{"id":5440,"href":"https:\/\/encuentroinformativo.com.mx\/index.php?rest_route=\/wp\/v2\/posts\/5438\/revisions\/5440"}],"wp:featuredmedia":[{"embeddable":true,"href":"https:\/\/encuentroinformativo.com.mx\/index.php?rest_route=\/wp\/v2\/media\/5439"}],"wp:attachment":[{"href":"https:\/\/encuentroinformativo.com.mx\/index.php?rest_route=%2Fwp%2Fv2%2Fmedia&parent=5438"}],"wp:term":[{"taxonomy":"category","embeddable":true,"href":"https:\/\/encuentroinformativo.com.mx\/index.php?rest_route=%2Fwp%2Fv2%2Fcategories&post=5438"},{"taxonomy":"post_tag","embeddable":true,"href":"https:\/\/encuentroinformativo.com.mx\/index.php?rest_route=%2Fwp%2Fv2%2Ftags&post=5438"}],"curies":[{"name":"wp","href":"https:\/\/api.w.org\/{rel}","templated":true}]}}