{"id":54387,"date":"2024-05-13T12:41:36","date_gmt":"2024-05-13T18:41:36","guid":{"rendered":"https:\/\/encuentroinformativo.com.mx\/?p=54387"},"modified":"2024-05-13T12:41:42","modified_gmt":"2024-05-13T18:41:42","slug":"bloquean-avenida-rafael-cuervo-por-falta-de-agua-en-3-colonias","status":"publish","type":"post","link":"https:\/\/encuentroinformativo.com.mx\/?p=54387","title":{"rendered":"Bloquean avenida Rafael Cuervo por falta de agua en 3 colonias"},"content":{"rendered":"\n<p><strong>Alejandro \u00c1vila<\/strong><\/p>\n\n\n\n<p>Veracruz, Ver.- La ma\u00f1ana de este lunes 13 de mayo, cientos de habitantes de 3 colonias del municipio de Veracruz bloquearon la avenida Rafael Cuervo debido a la falta de agua desde hace una semana.<\/p>\n\n\n\n<p>Los quejosos se\u00f1alaron que desde hace m\u00e1s de una semana vecinos de las colonias Astilleros, Playa Linda y Las Brisas no cuentan con el servicio de agua potable.<\/p>\n\n\n\n<p>&#8220;Ya tenemos nosotros una semana sin agua, primero nos pon\u00edan al agua a la 1 de la tarde o a las 2 de la tarde y no las quitaba a las 6 de la tarde, eso que dice MAS que poner el agua a las 4 de la ma\u00f1ana y la quita a las 8 de la noche, eso siempre ha sido una mentira, ahorita ya no nos han dado ni una gotita de agua (\u2026) las pipas llegan y nos venden el agua en mil pesos para 5 personas, cuando eso es negocio de ellos mismos que nos mandan a las pipas, y todav\u00eda nos cobran el agua normal ellos, ya estamos hasta la madre porque no nos dan el servicio potable, mensual&#8221;, reclam\u00f3 la se\u00f1ora Gonz\u00e1lez.<\/p>\n\n\n\n<p>Los manifestantes acusaron que ninguna persona de Grupo MAS ha acudido a verles para tratar de solucionar el problema, y cuando les hicieron la llamada para avisarles de la probable manifestaci\u00f3n si estos no les daban el servicio de agua, les colgaron el tel\u00e9fono.<\/p>\n\n\n\n<p>Los vecinos aseguraron que no quitar\u00edan el plant\u00f3n hasta que les fue restablecido el servicio de agua potable.<\/p>\n\n\n\n<figure class=\"wp-block-image size-large\"><img loading=\"lazy\" decoding=\"async\" width=\"1024\" height=\"461\" src=\"https:\/\/encuentroinformativo.com.mx\/wp-content\/uploads\/2024\/05\/IMG-20240513-WA0025-1024x461.jpg\" alt=\"\" class=\"wp-image-54389\" srcset=\"https:\/\/encuentroinformativo.com.mx\/wp-content\/uploads\/2024\/05\/IMG-20240513-WA0025-1024x461.jpg 1024w, https:\/\/encuentroinformativo.com.mx\/wp-content\/uploads\/2024\/05\/IMG-20240513-WA0025-300x135.jpg 300w, https:\/\/encuentroinformativo.com.mx\/wp-content\/uploads\/2024\/05\/IMG-20240513-WA0025-768x346.jpg 768w, https:\/\/encuentroinformativo.com.mx\/wp-content\/uploads\/2024\/05\/IMG-20240513-WA0025-1536x692.jpg 1536w, https:\/\/encuentroinformativo.com.mx\/wp-content\/uploads\/2024\/05\/IMG-20240513-WA0025.jpg 1600w\" sizes=\"auto, (max-width: 1024px) 100vw, 1024px\" \/><\/figure>\n","protected":false},"excerpt":{"rendered":"<p>Alejandro \u00c1vila Veracruz, Ver.- La ma\u00f1ana de este lunes 13 de mayo, cientos de habitantes de 3 colonias del municipio de Veracruz bloquearon la avenida Rafael Cuervo debido a la falta de agua desde hace una semana. Los quejosos se\u00f1alaron que desde hace m\u00e1s de una semana vecinos de las colonias Astilleros, Playa Linda y [&hellip;]<\/p>\n","protected":false},"author":2476,"featured_media":54388,"comment_status":"open","ping_status":"open","sticky":false,"template":"","format":"standard","meta":{"_jetpack_memberships_contains_paid_content":false,"footnotes":""},"categories":[2],"tags":[],"class_list":["post-54387","post","type-post","status-publish","format-standard","has-post-thumbnail","hentry","category-estado"],"jetpack_featured_media_url":"https:\/\/encuentroinformativo.com.mx\/wp-content\/uploads\/2024\/05\/IMG-20240513-WA0023.jpg","jetpack_sharing_enabled":true,"jetpack_likes_enabled":true,"amp_enabled":true,"_links":{"self":[{"href":"https:\/\/encuentroinformativo.com.mx\/index.php?rest_route=\/wp\/v2\/posts\/54387","targetHints":{"allow":["GET"]}}],"collection":[{"href":"https:\/\/encuentroinformativo.com.mx\/index.php?rest_route=\/wp\/v2\/posts"}],"about":[{"href":"https:\/\/encuentroinformativo.com.mx\/index.php?rest_route=\/wp\/v2\/types\/post"}],"author":[{"embeddable":true,"href":"https:\/\/encuentroinformativo.com.mx\/index.php?rest_route=\/wp\/v2\/users\/2476"}],"replies":[{"embeddable":true,"href":"https:\/\/encuentroinformativo.com.mx\/index.php?rest_route=%2Fwp%2Fv2%2Fcomments&post=54387"}],"version-history":[{"count":1,"href":"https:\/\/encuentroinformativo.com.mx\/index.php?rest_route=\/wp\/v2\/posts\/54387\/revisions"}],"predecessor-version":[{"id":54390,"href":"https:\/\/encuentroinformativo.com.mx\/index.php?rest_route=\/wp\/v2\/posts\/54387\/revisions\/54390"}],"wp:featuredmedia":[{"embeddable":true,"href":"https:\/\/encuentroinformativo.com.mx\/index.php?rest_route=\/wp\/v2\/media\/54388"}],"wp:attachment":[{"href":"https:\/\/encuentroinformativo.com.mx\/index.php?rest_route=%2Fwp%2Fv2%2Fmedia&parent=54387"}],"wp:term":[{"taxonomy":"category","embeddable":true,"href":"https:\/\/encuentroinformativo.com.mx\/index.php?rest_route=%2Fwp%2Fv2%2Fcategories&post=54387"},{"taxonomy":"post_tag","embeddable":true,"href":"https:\/\/encuentroinformativo.com.mx\/index.php?rest_route=%2Fwp%2Fv2%2Ftags&post=54387"}],"curies":[{"name":"wp","href":"https:\/\/api.w.org\/{rel}","templated":true}]}}