{"id":54391,"date":"2024-05-13T12:47:45","date_gmt":"2024-05-13T18:47:45","guid":{"rendered":"https:\/\/encuentroinformativo.com.mx\/?p=54391"},"modified":"2024-05-13T12:47:51","modified_gmt":"2024-05-13T18:47:51","slug":"pepin-ruiz-se-nego-a-debatir-por-su-pasado-en-el-sas-miguel-hermida","status":"publish","type":"post","link":"https:\/\/encuentroinformativo.com.mx\/?p=54391","title":{"rendered":"&#8220;Pep\u00edn Ruiz&#8221; se neg\u00f3 a debatir por su pasado en el SAS: Miguel Hermida"},"content":{"rendered":"\n<p><strong>Alejandro \u00c1vila<\/strong><\/p>\n\n\n\n<p>Veracruz, Ver.- Miguel Hermida Copado, candidato a la diputaci\u00f3n local por el Distrito 15, se\u00f1al\u00f3 que la negativa de su contrincante de Morena, Jos\u00e9 Ricardo Ruiz Carmona, a debatir este martes 14 de mayo, se debe a que reconoce que los veracruzanos tienen memoria.<\/p>\n\n\n\n<p>\u201cJos\u00e9 Ruiz, alias Pep\u00edn Ruiz, decidi\u00f3 no asistir al debate por que sabe que llevar\u00eda la voz de miles de veracruzanos, que sabemos que \u00e9l, junto a Javier Duarte saquearon al SAS, convirtieron al Sistema de Agua y Saneamiento en la caja chica para sus transas\u201d, se\u00f1al\u00f3.<\/p>\n\n\n\n<p>El candidato de la alianza &#8220;Fuerza y Coraz\u00f3n por Medell\u00edn&#8221;, enfatiz\u00f3 que el abanderado de Morena, sembr\u00f3 el grave problema del agua que hoy se vive en la zona conurbada Veracruz-Boca del R\u00edo con Medell\u00edn, \u201csi hoy no tienes agua es culpa de Pep\u00edn Ruiz\u201d.<\/p>\n\n\n\n<p>Reiter\u00f3 el panista, que no quiso acudir al debate porque tiene mucha cola que le pisen y se re\u00fasa a darle la cara a los veracruzanos, \u201csab\u00eda que lo iba a evidenciar, que \u00e9l quebranto al SAS, solo es la punta del iceberg y \u00e9l solo lo sabe\u201d.<\/p>\n\n\n\n<p>Se pudo conocer que los representantes de Morena avisaron v\u00eda whatsapp al Organismo P\u00fablico Local Electoral (OPLE) que su candidato, Pep\u00edn Ruiz, no acudir\u00eda al debate programado para este martes 14 de mayo.<\/p>\n","protected":false},"excerpt":{"rendered":"<p>Alejandro \u00c1vila Veracruz, Ver.- Miguel Hermida Copado, candidato a la diputaci\u00f3n local por el Distrito 15, se\u00f1al\u00f3 que la negativa de su contrincante de Morena, Jos\u00e9 Ricardo Ruiz Carmona, a debatir este martes 14 de mayo, se debe a que reconoce que los veracruzanos tienen memoria. \u201cJos\u00e9 Ruiz, alias Pep\u00edn Ruiz, decidi\u00f3 no asistir al [&hellip;]<\/p>\n","protected":false},"author":2476,"featured_media":54392,"comment_status":"open","ping_status":"open","sticky":false,"template":"","format":"standard","meta":{"_jetpack_memberships_contains_paid_content":false,"footnotes":""},"categories":[2],"tags":[],"class_list":["post-54391","post","type-post","status-publish","format-standard","has-post-thumbnail","hentry","category-estado"],"jetpack_featured_media_url":"https:\/\/encuentroinformativo.com.mx\/wp-content\/uploads\/2024\/05\/IMG-20240513-WA0037.jpg","jetpack_sharing_enabled":true,"jetpack_likes_enabled":true,"amp_enabled":true,"_links":{"self":[{"href":"https:\/\/encuentroinformativo.com.mx\/index.php?rest_route=\/wp\/v2\/posts\/54391","targetHints":{"allow":["GET"]}}],"collection":[{"href":"https:\/\/encuentroinformativo.com.mx\/index.php?rest_route=\/wp\/v2\/posts"}],"about":[{"href":"https:\/\/encuentroinformativo.com.mx\/index.php?rest_route=\/wp\/v2\/types\/post"}],"author":[{"embeddable":true,"href":"https:\/\/encuentroinformativo.com.mx\/index.php?rest_route=\/wp\/v2\/users\/2476"}],"replies":[{"embeddable":true,"href":"https:\/\/encuentroinformativo.com.mx\/index.php?rest_route=%2Fwp%2Fv2%2Fcomments&post=54391"}],"version-history":[{"count":1,"href":"https:\/\/encuentroinformativo.com.mx\/index.php?rest_route=\/wp\/v2\/posts\/54391\/revisions"}],"predecessor-version":[{"id":54393,"href":"https:\/\/encuentroinformativo.com.mx\/index.php?rest_route=\/wp\/v2\/posts\/54391\/revisions\/54393"}],"wp:featuredmedia":[{"embeddable":true,"href":"https:\/\/encuentroinformativo.com.mx\/index.php?rest_route=\/wp\/v2\/media\/54392"}],"wp:attachment":[{"href":"https:\/\/encuentroinformativo.com.mx\/index.php?rest_route=%2Fwp%2Fv2%2Fmedia&parent=54391"}],"wp:term":[{"taxonomy":"category","embeddable":true,"href":"https:\/\/encuentroinformativo.com.mx\/index.php?rest_route=%2Fwp%2Fv2%2Fcategories&post=54391"},{"taxonomy":"post_tag","embeddable":true,"href":"https:\/\/encuentroinformativo.com.mx\/index.php?rest_route=%2Fwp%2Fv2%2Ftags&post=54391"}],"curies":[{"name":"wp","href":"https:\/\/api.w.org\/{rel}","templated":true}]}}