{"id":54394,"date":"2024-05-13T12:52:45","date_gmt":"2024-05-13T18:52:45","guid":{"rendered":"https:\/\/encuentroinformativo.com.mx\/?p=54394"},"modified":"2024-05-13T12:52:50","modified_gmt":"2024-05-13T18:52:50","slug":"usted-no-va-a-expulsar-a-nadie-senala-ex-gobernador-yunes-linares","status":"publish","type":"post","link":"https:\/\/encuentroinformativo.com.mx\/?p=54394","title":{"rendered":"&#8220;Usted no va a expulsar a nadie&#8221;, se\u00f1ala ex gobernador Yunes Linares"},"content":{"rendered":"\n<p><strong>Alejandro \u00c1vila<\/strong><\/p>\n\n\n\n<p>Veracruz, Ver.- En un video publicado en sus redes sociales este lunes 13 de mayo, el exgobernador, Miguel \u00c1ngel Yunes Linares, se lanz\u00f3 contra la candidata de Morena, Roc\u00edo Nahle Garc\u00eda y asegur\u00f3 que ella no va a expulsar a nadie de Veracruz.<\/p>\n\n\n\n<p>En el segundo debate realizado la noche de este domingo 12 de mayo en el World Trade Center en Boca del R\u00edo, la candidata de Morena dijo que de lograr la gubernatura sacar\u00e1 al &#8220;Clan Yunes&#8221; de Veracruz.<\/p>\n\n\n\n<p>&#8220;Usted no va a expulsar a nadie, aqu\u00ed vamos a estar por aqu\u00ed est\u00e1n nuestras ra\u00edces, la que no es de aqu\u00ed es usted, usted es de Zacatecas, y quiere venir a gobernar a los veracruzanos&#8221;.<\/p>\n\n\n\n<p>&#8220;Lo escuch\u00e9 y realmente me llam\u00f3 la atenci\u00f3n, evidentemente la se\u00f1ora es una ignorante, no solo desconoce la historia de Veracruz, porque no es de aqu\u00ed es de Zacatecas y ella no tiene ninguna vinculaci\u00f3n con Veracruz, pero desconoce tambi\u00e9n la historia del mundo, la \u00faltima vez que yo escuch\u00e9 a alguien o que le\u00ed de alguien que dijo que expulsar\u00eda a una familia o que expulsar\u00eda a un grupo racial, fue Hitler en Alemania que quer\u00eda expulsar a los jud\u00edos&#8221;, asest\u00f3.<\/p>\n\n\n\n<p>Yunes Linares calific\u00f3 como inauditas sus declaraciones, y mencion\u00f3 que su familia s\u00ed tiene ra\u00edces en Veracruz, lo respaldan siglo y medio de vivir en la entidad y m\u00e1s de 5 generaciones, mismas que han servido a la ciudadan\u00eda en diferentes cargos p\u00fablicos gracias al voto de los veracruzanos.<\/p>\n\n\n\n<p>&#8220;Lo nuestro se llaman ra\u00edces, lo nuestro no es casualidad como dice la canci\u00f3n, nosotros tenemos en Veracruz ra\u00edces profundas que le costar\u00e1 much\u00edsimo trabajo quitar, no va a llegar a gobernadora, pero si llegara, que no va a llegar, reitero, le costar\u00eda un trabajo terrible, tremendo, sacar las ra\u00edces de la familia Yunes para expulsarlos, y tendr\u00eda que sacar a millones de veracruzanos, porque no somos los Yunes \u00fanicamente los que pensamos que es agraviante que una persona de Zacatecas acusada de corrupci\u00f3n venga a tratar de gobernar Veracruz, somos millones de veracruzanos, seguramente tendr\u00eda que vaciar Veracruz&#8221;, recalc\u00f3.<\/p>\n\n\n\n<p>Finalmente, dijo que Roc\u00edo Nahle ella no es la due\u00f1a de Veracruz, que lleg\u00f3 por casualidad y vino a aprovecharse de la situaci\u00f3n positiva de Veracruz para hacerse millonaria.<\/p>\n","protected":false},"excerpt":{"rendered":"<p>Alejandro \u00c1vila Veracruz, Ver.- En un video publicado en sus redes sociales este lunes 13 de mayo, el exgobernador, Miguel \u00c1ngel Yunes Linares, se lanz\u00f3 contra la candidata de Morena, Roc\u00edo Nahle Garc\u00eda y asegur\u00f3 que ella no va a expulsar a nadie de Veracruz. En el segundo debate realizado la noche de este domingo [&hellip;]<\/p>\n","protected":false},"author":2476,"featured_media":54395,"comment_status":"open","ping_status":"open","sticky":false,"template":"","format":"standard","meta":{"_jetpack_memberships_contains_paid_content":false,"footnotes":""},"categories":[2],"tags":[],"class_list":["post-54394","post","type-post","status-publish","format-standard","has-post-thumbnail","hentry","category-estado"],"jetpack_featured_media_url":"https:\/\/encuentroinformativo.com.mx\/wp-content\/uploads\/2024\/05\/IMG-20240513-WA0046.jpg","jetpack_sharing_enabled":true,"jetpack_likes_enabled":true,"amp_enabled":true,"_links":{"self":[{"href":"https:\/\/encuentroinformativo.com.mx\/index.php?rest_route=\/wp\/v2\/posts\/54394","targetHints":{"allow":["GET"]}}],"collection":[{"href":"https:\/\/encuentroinformativo.com.mx\/index.php?rest_route=\/wp\/v2\/posts"}],"about":[{"href":"https:\/\/encuentroinformativo.com.mx\/index.php?rest_route=\/wp\/v2\/types\/post"}],"author":[{"embeddable":true,"href":"https:\/\/encuentroinformativo.com.mx\/index.php?rest_route=\/wp\/v2\/users\/2476"}],"replies":[{"embeddable":true,"href":"https:\/\/encuentroinformativo.com.mx\/index.php?rest_route=%2Fwp%2Fv2%2Fcomments&post=54394"}],"version-history":[{"count":1,"href":"https:\/\/encuentroinformativo.com.mx\/index.php?rest_route=\/wp\/v2\/posts\/54394\/revisions"}],"predecessor-version":[{"id":54396,"href":"https:\/\/encuentroinformativo.com.mx\/index.php?rest_route=\/wp\/v2\/posts\/54394\/revisions\/54396"}],"wp:featuredmedia":[{"embeddable":true,"href":"https:\/\/encuentroinformativo.com.mx\/index.php?rest_route=\/wp\/v2\/media\/54395"}],"wp:attachment":[{"href":"https:\/\/encuentroinformativo.com.mx\/index.php?rest_route=%2Fwp%2Fv2%2Fmedia&parent=54394"}],"wp:term":[{"taxonomy":"category","embeddable":true,"href":"https:\/\/encuentroinformativo.com.mx\/index.php?rest_route=%2Fwp%2Fv2%2Fcategories&post=54394"},{"taxonomy":"post_tag","embeddable":true,"href":"https:\/\/encuentroinformativo.com.mx\/index.php?rest_route=%2Fwp%2Fv2%2Ftags&post=54394"}],"curies":[{"name":"wp","href":"https:\/\/api.w.org\/{rel}","templated":true}]}}