{"id":54403,"date":"2024-05-13T13:33:30","date_gmt":"2024-05-13T19:33:30","guid":{"rendered":"https:\/\/encuentroinformativo.com.mx\/?p=54403"},"modified":"2024-05-13T13:33:37","modified_gmt":"2024-05-13T19:33:37","slug":"reanudan-sindicatos-toma-de-instalaciones-de-la-sev","status":"publish","type":"post","link":"https:\/\/encuentroinformativo.com.mx\/?p=54403","title":{"rendered":"Reanudan sindicatos toma de instalaciones de la SEV"},"content":{"rendered":"\n<p><strong>Dar\u00edo Pale <\/strong><\/p>\n\n\n\n<p>Xalapa, Ver.- De nueva cuenta los integrantes del Gremio Nacional de Trabajadores de la Educaci\u00f3n (GNTE), volvieron a tomar las instalaciones de la Secretaria de Educaci\u00f3n de Veracruz (SEV), as\u00ed como diferentes dependencias y subniveles, debido a que las autoridades no les han concretado nada.<\/p>\n\n\n\n<p>Desde las primeras horas de este d\u00eda fueron tomadas las instalaciones de la SEV al igual que otras oficinas debido a la cerraz\u00f3n y la insensibilidad de las autoridades educativas estatales.<\/p>\n\n\n\n<p>A pesar de las inclemencias climatol\u00f3gicas se mantienen firmes y f\u00e9rreos en su lucha por defender sus m\u00e1s leg\u00edtimos \u00a0derechos laborales, en la exigencia de que la SEV reconozca y respete los acuerdos establecidos en la reuni\u00f3n ultima del 28 de noviembre \u00a0de 2023 con el sindicato.<\/p>\n\n\n\n<p>Esperan que esto se resuelva lo m\u00e1s pronto posible, tal como se comprometi\u00f3 con la dirigencia de la organizaci\u00f3n de las situaciones problem\u00e1ticas que desde hace m\u00e1s de 3 a\u00f1os vienen arrastrando y padeciendo varios maestros, que lejos de ser atendidas han sido deliberadamente omitidas y echadas al costal del olvido.<\/p>\n\n\n\n<p>Adem\u00e1s de tomar las instalaciones de la SEV tambi\u00e9n bloquearon la calle Cayetano Rodr\u00edguez Beltr\u00e1n al igual que Bravo y Belisario Dom\u00ednguez en ambos sentidos para tratar de hacer m\u00e1s presi\u00f3n y que sean resueltas sus demandas.\u00a0<\/p>\n\n\n\n<p>Finalmente cabe se\u00f1alar que son aproximadamente 5 mil trabajadores de la SEV los que no pudieron laborar el d\u00eda de hoy.<\/p>\n","protected":false},"excerpt":{"rendered":"<p>Dar\u00edo Pale Xalapa, Ver.- De nueva cuenta los integrantes del Gremio Nacional de Trabajadores de la Educaci\u00f3n (GNTE), volvieron a tomar las instalaciones de la Secretaria de Educaci\u00f3n de Veracruz (SEV), as\u00ed como diferentes dependencias y subniveles, debido a que las autoridades no les han concretado nada. Desde las primeras horas de este d\u00eda fueron [&hellip;]<\/p>\n","protected":false},"author":2476,"featured_media":54404,"comment_status":"open","ping_status":"open","sticky":false,"template":"","format":"standard","meta":{"_jetpack_memberships_contains_paid_content":false,"footnotes":""},"categories":[3],"tags":[],"class_list":["post-54403","post","type-post","status-publish","format-standard","has-post-thumbnail","hentry","category-xalapa"],"jetpack_featured_media_url":"https:\/\/encuentroinformativo.com.mx\/wp-content\/uploads\/2024\/05\/IMG-20240513-WA0030.jpg","jetpack_sharing_enabled":true,"jetpack_likes_enabled":true,"amp_enabled":true,"_links":{"self":[{"href":"https:\/\/encuentroinformativo.com.mx\/index.php?rest_route=\/wp\/v2\/posts\/54403","targetHints":{"allow":["GET"]}}],"collection":[{"href":"https:\/\/encuentroinformativo.com.mx\/index.php?rest_route=\/wp\/v2\/posts"}],"about":[{"href":"https:\/\/encuentroinformativo.com.mx\/index.php?rest_route=\/wp\/v2\/types\/post"}],"author":[{"embeddable":true,"href":"https:\/\/encuentroinformativo.com.mx\/index.php?rest_route=\/wp\/v2\/users\/2476"}],"replies":[{"embeddable":true,"href":"https:\/\/encuentroinformativo.com.mx\/index.php?rest_route=%2Fwp%2Fv2%2Fcomments&post=54403"}],"version-history":[{"count":1,"href":"https:\/\/encuentroinformativo.com.mx\/index.php?rest_route=\/wp\/v2\/posts\/54403\/revisions"}],"predecessor-version":[{"id":54405,"href":"https:\/\/encuentroinformativo.com.mx\/index.php?rest_route=\/wp\/v2\/posts\/54403\/revisions\/54405"}],"wp:featuredmedia":[{"embeddable":true,"href":"https:\/\/encuentroinformativo.com.mx\/index.php?rest_route=\/wp\/v2\/media\/54404"}],"wp:attachment":[{"href":"https:\/\/encuentroinformativo.com.mx\/index.php?rest_route=%2Fwp%2Fv2%2Fmedia&parent=54403"}],"wp:term":[{"taxonomy":"category","embeddable":true,"href":"https:\/\/encuentroinformativo.com.mx\/index.php?rest_route=%2Fwp%2Fv2%2Fcategories&post=54403"},{"taxonomy":"post_tag","embeddable":true,"href":"https:\/\/encuentroinformativo.com.mx\/index.php?rest_route=%2Fwp%2Fv2%2Ftags&post=54403"}],"curies":[{"name":"wp","href":"https:\/\/api.w.org\/{rel}","templated":true}]}}