{"id":54406,"date":"2024-05-13T13:38:34","date_gmt":"2024-05-13T19:38:34","guid":{"rendered":"https:\/\/encuentroinformativo.com.mx\/?p=54406"},"modified":"2024-05-13T13:38:40","modified_gmt":"2024-05-13T19:38:40","slug":"invitan-a-emprende-bazar-en-el-articulo-tercero","status":"publish","type":"post","link":"https:\/\/encuentroinformativo.com.mx\/?p=54406","title":{"rendered":"Invitan a Emprende Bazar en el Art\u00edculo Tercero"},"content":{"rendered":"\n<p><strong>Dar\u00edo Pale<\/strong><\/p>\n\n\n\n<p>Xalapa, Ver.- Invitan a la ciudadan\u00eda para que asista al Emprende Bazar Edici\u00f3n Primavera-Verano 2024, mismo que se efectuar\u00e1 el 18 y 19 de mayo en las canchas laterales de la Escuela Art\u00edculo Tercero en un horario de las 10:00 a las 18:00 horas.<\/p>\n\n\n\n<p>Al respecto, el Coordinador del Centro Emprendedor del Art\u00edculo Tercero y Coordinador de Emprende Bazar, Isa\u00edas Contreras, indic\u00f3 que este evento tiene la finalidad de apoyar a m\u00e1s de \u00a050 expositores o talento emprendedor, pero tambi\u00e9n al Centro de Atenci\u00f3n M\u00faltiple N\u00famero 16.<\/p>\n\n\n\n<p>Sobre este apoyo, Lidia Zamora V\u00e1zquez, refiri\u00f3 que esta escuela se encarga de educar a ni\u00f1os con diversas discapacidades, como auditiva, motriz, entre otras.<\/p>\n\n\n\n<p>Agreg\u00f3 que se trata de alumnos de edad preescolar hasta adolescentes \u00a0con una matr\u00edcula de m\u00e1s de 70 estudiantes.<\/p>\n\n\n\n<p>Ambos organizadores, se\u00f1alaron que se busca que las familias tengan un fin de semana diferente, y a\u00f1adieron que habr\u00e1 un \u00e1rea de venta general, gastron\u00f3mica y un escenario principal, adem\u00e1s de un \u00e1rea para ni\u00f1os.<\/p>\n\n\n\n<p>Agregaron que quienes lleven alguna donaci\u00f3n, podr\u00e1n participar en una rifa que se har\u00e1 de productos que se ofertar\u00e1n.<\/p>\n\n\n\n<p>Finalmente, abundaron que habr\u00e1 expositores de artesan\u00eda, joyer\u00eda, macetas, plantas, artes, libros, dise\u00f1adores gr\u00e1ficos, y en el \u00e1rea gastron\u00f3mica; caf\u00e9 y fuente de sodas.<\/p>\n","protected":false},"excerpt":{"rendered":"<p>Dar\u00edo Pale Xalapa, Ver.- Invitan a la ciudadan\u00eda para que asista al Emprende Bazar Edici\u00f3n Primavera-Verano 2024, mismo que se efectuar\u00e1 el 18 y 19 de mayo en las canchas laterales de la Escuela Art\u00edculo Tercero en un horario de las 10:00 a las 18:00 horas. Al respecto, el Coordinador del Centro Emprendedor del Art\u00edculo [&hellip;]<\/p>\n","protected":false},"author":2476,"featured_media":54407,"comment_status":"open","ping_status":"open","sticky":false,"template":"","format":"standard","meta":{"_jetpack_memberships_contains_paid_content":false,"footnotes":""},"categories":[3],"tags":[],"class_list":["post-54406","post","type-post","status-publish","format-standard","has-post-thumbnail","hentry","category-xalapa"],"jetpack_featured_media_url":"https:\/\/encuentroinformativo.com.mx\/wp-content\/uploads\/2024\/05\/IMG-20240513-WA0080.jpg","jetpack_sharing_enabled":true,"jetpack_likes_enabled":true,"amp_enabled":true,"_links":{"self":[{"href":"https:\/\/encuentroinformativo.com.mx\/index.php?rest_route=\/wp\/v2\/posts\/54406","targetHints":{"allow":["GET"]}}],"collection":[{"href":"https:\/\/encuentroinformativo.com.mx\/index.php?rest_route=\/wp\/v2\/posts"}],"about":[{"href":"https:\/\/encuentroinformativo.com.mx\/index.php?rest_route=\/wp\/v2\/types\/post"}],"author":[{"embeddable":true,"href":"https:\/\/encuentroinformativo.com.mx\/index.php?rest_route=\/wp\/v2\/users\/2476"}],"replies":[{"embeddable":true,"href":"https:\/\/encuentroinformativo.com.mx\/index.php?rest_route=%2Fwp%2Fv2%2Fcomments&post=54406"}],"version-history":[{"count":1,"href":"https:\/\/encuentroinformativo.com.mx\/index.php?rest_route=\/wp\/v2\/posts\/54406\/revisions"}],"predecessor-version":[{"id":54408,"href":"https:\/\/encuentroinformativo.com.mx\/index.php?rest_route=\/wp\/v2\/posts\/54406\/revisions\/54408"}],"wp:featuredmedia":[{"embeddable":true,"href":"https:\/\/encuentroinformativo.com.mx\/index.php?rest_route=\/wp\/v2\/media\/54407"}],"wp:attachment":[{"href":"https:\/\/encuentroinformativo.com.mx\/index.php?rest_route=%2Fwp%2Fv2%2Fmedia&parent=54406"}],"wp:term":[{"taxonomy":"category","embeddable":true,"href":"https:\/\/encuentroinformativo.com.mx\/index.php?rest_route=%2Fwp%2Fv2%2Fcategories&post=54406"},{"taxonomy":"post_tag","embeddable":true,"href":"https:\/\/encuentroinformativo.com.mx\/index.php?rest_route=%2Fwp%2Fv2%2Ftags&post=54406"}],"curies":[{"name":"wp","href":"https:\/\/api.w.org\/{rel}","templated":true}]}}