{"id":54414,"date":"2024-05-13T15:15:56","date_gmt":"2024-05-13T21:15:56","guid":{"rendered":"https:\/\/encuentroinformativo.com.mx\/?p=54414"},"modified":"2024-05-13T15:16:03","modified_gmt":"2024-05-13T21:16:03","slug":"comunidad-lgbtq-ya-tiene-rey-de-carnaval-de-veracruz-2024","status":"publish","type":"post","link":"https:\/\/encuentroinformativo.com.mx\/?p=54414","title":{"rendered":"Comunidad LGBTQ+ ya tiene Rey de Carnaval de Veracruz 2024"},"content":{"rendered":"\n<p><strong>Alejandro \u00c1vila<\/strong><\/p>\n\n\n\n<p>Veracruz, Ver.- C\u00e9sar de Alegr\u00eda, ha sido nombrado Rey electo del Carnaval de la Comunidad LGBTQ+ de Veracruz en este 2024.<\/p>\n\n\n\n<p>La asociaci\u00f3n civil \u201cPor un Veracruz Sin Discriminaci\u00f3n\u201d dio a conocer este nombramiento en el marco de la presentaci\u00f3n de la obra \u201cLa Huaca Mi Barrio\u201d a trav\u00e9s de la titular del organismo, Flipy Morales de Franco.<\/p>\n\n\n\n<p>C\u00e9sar de Alegr\u00eda, quien se desempe\u00f1a como Licenciando en Finanzas y Contadur\u00eda P\u00fablica, expres\u00f3 los motivos del por qu\u00e9 su deseo de ser el Rey del Carnaval de la Comunidad LGBTQ+:<\/p>\n\n\n\n<p>\u201cQuiero ser el Rey de la Diversidad para alzar la voz, pedir respeto, inclusi\u00f3n, alto a la discriminaci\u00f3n, que paren los cr\u00edmenes de odio y exigir justicia para las personas de la comunidad LGBT\u201d.<\/p>\n\n\n\n<p>En entrevista con este medio, C\u00e9sar de Alegr\u00eda dijo que en este centenario del Carnaval de Veracruz representar\u00e1 dignamente a la Asociaci\u00f3n &#8220;Por un Veracruz Sin Discriminaci\u00f3n&#8221;, con mucho cari\u00f1o y respeto para todas las familias veracruzanas y turistas que gustan de esta fiesta \u201cy claro, tambi\u00e9n divertirme y disfrutar la aventura ya que ser\u00e1 un carnaval ic\u00f3nico por ser el de los 100 a\u00f1os\u201d.<\/p>\n\n\n\n<p>El Rey electo C\u00e9sar de Alegr\u00eda, es sobrino de una de las leyendas del Carnaval de Veracruz, el maestro Honorato Vel\u00e1zquez quien por m\u00e1s de medio siglo ha participado en esta gran fiesta:<\/p>\n\n\n\n<p>\u201cCrec\u00ed viendo a mi t\u00edo, el maestro, Honorato Vel\u00e1squez Borja, participar con su carro aleg\u00f3rico cada a\u00f1o desde que tengo uso de raz\u00f3n, el amor que le tiene a esta fiesta me hizo pensar que alg\u00fan d\u00eda yo tambi\u00e9n podr\u00eda participar y dar lo mejor de m\u00ed y que mejor hacerlo en el Centenario del Carnaval\u201d.<\/p>\n\n\n\n<p>Con sapiencia e inteligencia, C\u00e9sar de Alegr\u00eda comenta que con este reinado quiere mostrar a la sociedad en general y a la comunidad LGBTQ+ \u201cSolidaridad entre nosotros para poder hacernos respetar, que seamos un solo equipo pidiendo paz y seguridad para andar por la vida sin miedos (\u2026) A la sociedad le pido tolerancia, ya que por muchos a\u00f1os se ha estigmatizado a la comunidad y que no juzguen a las personas por su preferencia sexual, que cada quien viva su vida con amor y respeto\u201d.<\/p>\n\n\n\n<p>La coronaci\u00f3n de C\u00e9sar de Alegr\u00eda tendr\u00e1 efecto en v\u00edspera al inicio de los 100 a\u00f1os del Carnaval de Veracruz, en donde se vivir\u00e1 una gran fiesta lleva de glamour y personalidades de todos los \u00e1mbitos.<\/p>\n","protected":false},"excerpt":{"rendered":"<p>Alejandro \u00c1vila Veracruz, Ver.- C\u00e9sar de Alegr\u00eda, ha sido nombrado Rey electo del Carnaval de la Comunidad LGBTQ+ de Veracruz en este 2024. La asociaci\u00f3n civil \u201cPor un Veracruz Sin Discriminaci\u00f3n\u201d dio a conocer este nombramiento en el marco de la presentaci\u00f3n de la obra \u201cLa Huaca Mi Barrio\u201d a trav\u00e9s de la titular del [&hellip;]<\/p>\n","protected":false},"author":2476,"featured_media":54416,"comment_status":"open","ping_status":"open","sticky":false,"template":"","format":"standard","meta":{"_jetpack_memberships_contains_paid_content":false,"footnotes":""},"categories":[2],"tags":[],"class_list":["post-54414","post","type-post","status-publish","format-standard","has-post-thumbnail","hentry","category-estado"],"jetpack_featured_media_url":"https:\/\/encuentroinformativo.com.mx\/wp-content\/uploads\/2024\/05\/IMG-20240513-WA0111.jpg","jetpack_sharing_enabled":true,"jetpack_likes_enabled":true,"amp_enabled":true,"_links":{"self":[{"href":"https:\/\/encuentroinformativo.com.mx\/index.php?rest_route=\/wp\/v2\/posts\/54414","targetHints":{"allow":["GET"]}}],"collection":[{"href":"https:\/\/encuentroinformativo.com.mx\/index.php?rest_route=\/wp\/v2\/posts"}],"about":[{"href":"https:\/\/encuentroinformativo.com.mx\/index.php?rest_route=\/wp\/v2\/types\/post"}],"author":[{"embeddable":true,"href":"https:\/\/encuentroinformativo.com.mx\/index.php?rest_route=\/wp\/v2\/users\/2476"}],"replies":[{"embeddable":true,"href":"https:\/\/encuentroinformativo.com.mx\/index.php?rest_route=%2Fwp%2Fv2%2Fcomments&post=54414"}],"version-history":[{"count":1,"href":"https:\/\/encuentroinformativo.com.mx\/index.php?rest_route=\/wp\/v2\/posts\/54414\/revisions"}],"predecessor-version":[{"id":54417,"href":"https:\/\/encuentroinformativo.com.mx\/index.php?rest_route=\/wp\/v2\/posts\/54414\/revisions\/54417"}],"wp:featuredmedia":[{"embeddable":true,"href":"https:\/\/encuentroinformativo.com.mx\/index.php?rest_route=\/wp\/v2\/media\/54416"}],"wp:attachment":[{"href":"https:\/\/encuentroinformativo.com.mx\/index.php?rest_route=%2Fwp%2Fv2%2Fmedia&parent=54414"}],"wp:term":[{"taxonomy":"category","embeddable":true,"href":"https:\/\/encuentroinformativo.com.mx\/index.php?rest_route=%2Fwp%2Fv2%2Fcategories&post=54414"},{"taxonomy":"post_tag","embeddable":true,"href":"https:\/\/encuentroinformativo.com.mx\/index.php?rest_route=%2Fwp%2Fv2%2Ftags&post=54414"}],"curies":[{"name":"wp","href":"https:\/\/api.w.org\/{rel}","templated":true}]}}