{"id":54425,"date":"2024-05-13T17:40:51","date_gmt":"2024-05-13T23:40:51","guid":{"rendered":"https:\/\/encuentroinformativo.com.mx\/?p=54425"},"modified":"2024-05-13T17:40:58","modified_gmt":"2024-05-13T23:40:58","slug":"sin-respuesta-para-reforestar-por-parte-de-opositores-americo-zuniga","status":"publish","type":"post","link":"https:\/\/encuentroinformativo.com.mx\/?p=54425","title":{"rendered":"Sin respuesta para reforestar por parte de opositores: Am\u00e9rico Z\u00fa\u00f1iga"},"content":{"rendered":"\n<p><strong>Dar\u00edo Pale <\/strong><\/p>\n\n\n\n<p>Xalapa, Ver.- Lament\u00f3 que sus contrincantes no han respondido a la convocatoria para reforestar algunas zonas de la capital el pr\u00f3ximo 17 de mayo; por lo que, afirm\u00f3, es evidente que menos les interesar\u00e1 participar en un debate, as\u00ed lo do a conocer el candidato de la Coalici\u00f3n Fuerza y Coraz\u00f3n por Veracruz a la diputaci\u00f3n federal por el Distrito de Xalapa, Am\u00e9rico Z\u00fa\u00f1iga Mart\u00ednez.<\/p>\n\n\n\n<p>En entrevista se\u00f1al\u00f3 que, la administraci\u00f3n federal \u201cdesmantel\u00f3\u201d los recursos de la Comisi\u00f3n Nacional del Agua (Conagua).<\/p>\n\n\n\n<p>\u201cLa Comisi\u00f3n Nacional del Agua no tiene recursos para proyectos, no hemos visto ni una sola estructura, no hemos visto un plan de acci\u00f3n para evitar los efectos tan negativos del estiaje y de la sequ\u00eda\u201d, coment\u00f3.<\/p>\n\n\n\n<p>Z\u00fa\u00f1iga Mart\u00ednez, se\u00f1al\u00f3 que ser\u00e1 un diputado \u201cque hable fuerte acerca de la necesidad que tenemos, por ejemplo, de que CAEV pueda lograr inversiones importantes para atender el tema la sequ\u00eda\u201d.<\/p>\n\n\n\n<p>\u201cNo se vale estar tirando culpas del pasado, cuando llevan 5 a\u00f1os de este gobierno estatal y federal; no hicieron nada, sab\u00edamos desde tiempo atr\u00e1s que iba a llegarnos este problema de falta de agua y la verdad lo \u00fanico que hemos visto es un gobierno federal y estatal omiso al cumplimiento de su deber legal que es dar cumplimiento de su deber al cumplimiento de los derechos humanos\u201d, se\u00f1al\u00f3.<\/p>\n\n\n\n<p>En otro orden de ideas coment\u00f3 que, \u201ces un tema fundamental el ir a debatir porque hoy tenemos varios problemas que necesita la gente conocer, el tema del agua, por ejemplo, c\u00f3mo vamos a entrarle a esto desde la diputaci\u00f3n federal (\u2026)\u201d.<\/p>\n\n\n\n<p>Dijo que actualmente est\u00e1n activos incendios forestales en la regi\u00f3n, incluso, hace unos d\u00edas ocurri\u00f3 un siniestro en el parque Natura.<\/p>\n\n\n\n<p>Finalmente dijo que, \u201ceso no puede ser; los \u00e1rboles son los que generan el agua, son las grandes f\u00e1bricas de agua y sin embargo las estamos perdiendo por miles\u201d.<\/p>\n","protected":false},"excerpt":{"rendered":"<p>Dar\u00edo Pale Xalapa, Ver.- Lament\u00f3 que sus contrincantes no han respondido a la convocatoria para reforestar algunas zonas de la capital el pr\u00f3ximo 17 de mayo; por lo que, afirm\u00f3, es evidente que menos les interesar\u00e1 participar en un debate, as\u00ed lo do a conocer el candidato de la Coalici\u00f3n Fuerza y Coraz\u00f3n por Veracruz [&hellip;]<\/p>\n","protected":false},"author":2476,"featured_media":54426,"comment_status":"open","ping_status":"open","sticky":false,"template":"","format":"standard","meta":{"_jetpack_memberships_contains_paid_content":false,"footnotes":""},"categories":[3],"tags":[],"class_list":["post-54425","post","type-post","status-publish","format-standard","has-post-thumbnail","hentry","category-xalapa"],"jetpack_featured_media_url":"https:\/\/encuentroinformativo.com.mx\/wp-content\/uploads\/2024\/05\/IMG-20240513-WA0158.jpg","jetpack_sharing_enabled":true,"jetpack_likes_enabled":true,"amp_enabled":true,"_links":{"self":[{"href":"https:\/\/encuentroinformativo.com.mx\/index.php?rest_route=\/wp\/v2\/posts\/54425","targetHints":{"allow":["GET"]}}],"collection":[{"href":"https:\/\/encuentroinformativo.com.mx\/index.php?rest_route=\/wp\/v2\/posts"}],"about":[{"href":"https:\/\/encuentroinformativo.com.mx\/index.php?rest_route=\/wp\/v2\/types\/post"}],"author":[{"embeddable":true,"href":"https:\/\/encuentroinformativo.com.mx\/index.php?rest_route=\/wp\/v2\/users\/2476"}],"replies":[{"embeddable":true,"href":"https:\/\/encuentroinformativo.com.mx\/index.php?rest_route=%2Fwp%2Fv2%2Fcomments&post=54425"}],"version-history":[{"count":1,"href":"https:\/\/encuentroinformativo.com.mx\/index.php?rest_route=\/wp\/v2\/posts\/54425\/revisions"}],"predecessor-version":[{"id":54427,"href":"https:\/\/encuentroinformativo.com.mx\/index.php?rest_route=\/wp\/v2\/posts\/54425\/revisions\/54427"}],"wp:featuredmedia":[{"embeddable":true,"href":"https:\/\/encuentroinformativo.com.mx\/index.php?rest_route=\/wp\/v2\/media\/54426"}],"wp:attachment":[{"href":"https:\/\/encuentroinformativo.com.mx\/index.php?rest_route=%2Fwp%2Fv2%2Fmedia&parent=54425"}],"wp:term":[{"taxonomy":"category","embeddable":true,"href":"https:\/\/encuentroinformativo.com.mx\/index.php?rest_route=%2Fwp%2Fv2%2Fcategories&post=54425"},{"taxonomy":"post_tag","embeddable":true,"href":"https:\/\/encuentroinformativo.com.mx\/index.php?rest_route=%2Fwp%2Fv2%2Ftags&post=54425"}],"curies":[{"name":"wp","href":"https:\/\/api.w.org\/{rel}","templated":true}]}}