{"id":54433,"date":"2024-05-14T10:23:34","date_gmt":"2024-05-14T16:23:34","guid":{"rendered":"https:\/\/encuentroinformativo.com.mx\/?p=54433"},"modified":"2024-05-14T10:23:41","modified_gmt":"2024-05-14T16:23:41","slug":"abuelitos-en-asilo-cogra-sufren-por-falta-de-agua-y-apagones-de-luz","status":"publish","type":"post","link":"https:\/\/encuentroinformativo.com.mx\/?p=54433","title":{"rendered":"Abuelitos en Asilo Cogra sufren por falta de agua y apagones de luz"},"content":{"rendered":"\n<p><strong>Alejandro \u00c1vila<\/strong><\/p>\n\n\n\n<p>Veracruz, Ver.- Las personas de la tercera edad que viven en el Asilo Cogra ubicado en la calle Cultura n\u00famero 345 de la colonia Miguel Hidalgo en el municipio de Veracruz, llevan semanas sufriendo por la falta de agua y los &#8220;apagones&#8221; de energ\u00eda el\u00e9ctrica.<\/p>\n\n\n\n<p>Mar\u00eda Teresa Mendoza Infanz\u00f3n, directora del Asilo de Ancianos Cogra, mencion\u00f3 que el pr\u00f3ximo s\u00e1bado 18 de mayo a partir de las 7 de la noche en el Centro Cultural &#8220;Las Atarazanas&#8221;, se llevar\u00e1 a cabo una recolecci\u00f3n de v\u00edveres para donarlos en favor de los abuelitos.<\/p>\n\n\n\n<p>&#8220;Sobre todo hacer conciencia en la sociedad veracruzana que los ancianos son la poblaci\u00f3n m\u00e1s vulnerable (\u2026) los problemas que m\u00e1s enfrentamos son la falta de agua, los apagones de luz al igual que todo el mundo, tambi\u00e9n tenemos ya un d\u00e9ficit de pa\u00f1ales, la mayor\u00eda de nuestros ancianos necesitan utilizar pa\u00f1ales, igualmente, como todos, desayunan, comen y cenan&#8221;, detall\u00f3.<\/p>\n\n\n\n<p>Al momento el Asilo Cogra cuenta con 66 personas de la tercera edad, a quienes se encuentra hidratando constantemente con agua y sueros, debido a las altas temperaturas que han azotado la ciudad de Veracruz en las \u00faltimas semanas.<\/p>\n","protected":false},"excerpt":{"rendered":"<p>Alejandro \u00c1vila Veracruz, Ver.- Las personas de la tercera edad que viven en el Asilo Cogra ubicado en la calle Cultura n\u00famero 345 de la colonia Miguel Hidalgo en el municipio de Veracruz, llevan semanas sufriendo por la falta de agua y los &#8220;apagones&#8221; de energ\u00eda el\u00e9ctrica. Mar\u00eda Teresa Mendoza Infanz\u00f3n, directora del Asilo de [&hellip;]<\/p>\n","protected":false},"author":2476,"featured_media":54434,"comment_status":"open","ping_status":"open","sticky":false,"template":"","format":"standard","meta":{"_jetpack_memberships_contains_paid_content":false,"footnotes":""},"categories":[2],"tags":[],"class_list":["post-54433","post","type-post","status-publish","format-standard","has-post-thumbnail","hentry","category-estado"],"jetpack_featured_media_url":"https:\/\/encuentroinformativo.com.mx\/wp-content\/uploads\/2024\/05\/IMG-20240514-WA00142.jpg","jetpack_sharing_enabled":true,"jetpack_likes_enabled":true,"amp_enabled":true,"_links":{"self":[{"href":"https:\/\/encuentroinformativo.com.mx\/index.php?rest_route=\/wp\/v2\/posts\/54433","targetHints":{"allow":["GET"]}}],"collection":[{"href":"https:\/\/encuentroinformativo.com.mx\/index.php?rest_route=\/wp\/v2\/posts"}],"about":[{"href":"https:\/\/encuentroinformativo.com.mx\/index.php?rest_route=\/wp\/v2\/types\/post"}],"author":[{"embeddable":true,"href":"https:\/\/encuentroinformativo.com.mx\/index.php?rest_route=\/wp\/v2\/users\/2476"}],"replies":[{"embeddable":true,"href":"https:\/\/encuentroinformativo.com.mx\/index.php?rest_route=%2Fwp%2Fv2%2Fcomments&post=54433"}],"version-history":[{"count":1,"href":"https:\/\/encuentroinformativo.com.mx\/index.php?rest_route=\/wp\/v2\/posts\/54433\/revisions"}],"predecessor-version":[{"id":54435,"href":"https:\/\/encuentroinformativo.com.mx\/index.php?rest_route=\/wp\/v2\/posts\/54433\/revisions\/54435"}],"wp:featuredmedia":[{"embeddable":true,"href":"https:\/\/encuentroinformativo.com.mx\/index.php?rest_route=\/wp\/v2\/media\/54434"}],"wp:attachment":[{"href":"https:\/\/encuentroinformativo.com.mx\/index.php?rest_route=%2Fwp%2Fv2%2Fmedia&parent=54433"}],"wp:term":[{"taxonomy":"category","embeddable":true,"href":"https:\/\/encuentroinformativo.com.mx\/index.php?rest_route=%2Fwp%2Fv2%2Fcategories&post=54433"},{"taxonomy":"post_tag","embeddable":true,"href":"https:\/\/encuentroinformativo.com.mx\/index.php?rest_route=%2Fwp%2Fv2%2Ftags&post=54433"}],"curies":[{"name":"wp","href":"https:\/\/api.w.org\/{rel}","templated":true}]}}