{"id":54439,"date":"2024-05-14T12:05:20","date_gmt":"2024-05-14T18:05:20","guid":{"rendered":"https:\/\/encuentroinformativo.com.mx\/?p=54439"},"modified":"2024-05-14T12:05:25","modified_gmt":"2024-05-14T18:05:25","slug":"solicitan-a-procuraduria-del-agua-organizar-mesas-de-dialogo-para-atender-desabasto","status":"publish","type":"post","link":"https:\/\/encuentroinformativo.com.mx\/?p=54439","title":{"rendered":"Solicitan a Procuradur\u00eda del Agua organizar mesas de di\u00e1logo para atender desabasto"},"content":{"rendered":"\n<p><strong>Alejandro \u00c1vila<\/strong><\/p>\n\n\n\n<p>Veracruz, Ver.- La Procuradur\u00eda del Agua debe organizar mesas de di\u00e1logo entre la ciudadan\u00eda y la empresa privada, Grupo MAS, para solucionar los problemas de desabasto de agua en el municipio de Veracruz, mencion\u00f3 el activista, Juan Montes de Oca.<\/p>\n\n\n\n<p>El ex regidor de Veracruz mencion\u00f3 que el 23 de julio del 2015, \u00e9l como edil acudi\u00f3 al Congreso del Estado para solicitar que no se privatizara el servicio de agua en el municipio.<\/p>\n\n\n\n<p>&#8220;Vot\u00e9 en contra de esa decisi\u00f3n del Cabildo y m\u00e1s de una vez hice el llamado a los diputados y al Cabildo de ese entonces, para que no se concediera la concesi\u00f3n a esa empresa que hoy tiene el manejo y el usufructo del vital l\u00edquido. Ante esa situaci\u00f3n es necesario tambi\u00e9n decir, los diputados local y federal de Morena, cuando andaban en campa\u00f1a tra\u00edan la bandera de retirar la concesi\u00f3n a esta empresa, y tra\u00edan la bandera de generar las condiciones necesarias para que el vital l\u00edquido fuera nuevamente controlado por los gobiernos local y estatal, para generar mejores condiciones de distribuci\u00f3n y de calidad del vital l\u00edquido, es lamentable que enga\u00f1aron a la poblaci\u00f3n, es lamentable que en cuanto llegaron al cargo de representaci\u00f3n que hoy ostentan y, que sobre todo est\u00e1n buscando la reelecci\u00f3n, hagan caso omiso a lo que pas\u00f3 el d\u00eda de ayer en la ciudad de Veracruz, son unos farsantes, unos metirosos que jugaron con una necesidad de tener un servicio de distribuci\u00f3n de agua potable a la altura de lo que reclam\u00f3 hoy la sociedad&#8221;, reclam\u00f3.<\/p>\n\n\n\n<p>De la misma manera, Juan Montes de Oca, lament\u00f3 que este lunes cuando la ciudad colaps\u00f3, ninguno de los diputados de Morena o aspirantes hoy a un cargo p\u00fablico por Morena hayan asomado la cabeza; incluso, el \u00faltimo administrador del Sistema de Agua y Saneamiento (SAS), en la figura de Pep\u00edn Ruiz, hoy candidato a la diputaci\u00f3n local por el Distrito 15.<\/p>\n\n\n\n<p>&#8220;\u00c9l fue el \u00faltimo que manej\u00f3 el organismo distribuidor de agua potable en la ciudad y que hoy, cobijado por el partido del gobierno del estado, cobijado por los 2 diputados farsantes que buscaban el voto ciudadano y que enarbolaron en su momento la bandera de extinguir la concesi\u00f3n de quien hoy tiene el agua, lo est\u00e1n cobijando y promueven el voto para favorecerlo con una curul. Es lamentable que sea la sociedad la que tenga que recordarles a los funcionarios de la responsabilidad que tienen&#8221;, asest\u00f3.<\/p>\n","protected":false},"excerpt":{"rendered":"<p>Alejandro \u00c1vila Veracruz, Ver.- La Procuradur\u00eda del Agua debe organizar mesas de di\u00e1logo entre la ciudadan\u00eda y la empresa privada, Grupo MAS, para solucionar los problemas de desabasto de agua en el municipio de Veracruz, mencion\u00f3 el activista, Juan Montes de Oca. El ex regidor de Veracruz mencion\u00f3 que el 23 de julio del 2015, [&hellip;]<\/p>\n","protected":false},"author":2476,"featured_media":54440,"comment_status":"open","ping_status":"open","sticky":false,"template":"","format":"standard","meta":{"_jetpack_memberships_contains_paid_content":false,"footnotes":""},"categories":[2],"tags":[],"class_list":["post-54439","post","type-post","status-publish","format-standard","has-post-thumbnail","hentry","category-estado"],"jetpack_featured_media_url":"https:\/\/encuentroinformativo.com.mx\/wp-content\/uploads\/2024\/05\/IMG-20240514-WA00162.jpg","jetpack_sharing_enabled":true,"jetpack_likes_enabled":true,"amp_enabled":true,"_links":{"self":[{"href":"https:\/\/encuentroinformativo.com.mx\/index.php?rest_route=\/wp\/v2\/posts\/54439","targetHints":{"allow":["GET"]}}],"collection":[{"href":"https:\/\/encuentroinformativo.com.mx\/index.php?rest_route=\/wp\/v2\/posts"}],"about":[{"href":"https:\/\/encuentroinformativo.com.mx\/index.php?rest_route=\/wp\/v2\/types\/post"}],"author":[{"embeddable":true,"href":"https:\/\/encuentroinformativo.com.mx\/index.php?rest_route=\/wp\/v2\/users\/2476"}],"replies":[{"embeddable":true,"href":"https:\/\/encuentroinformativo.com.mx\/index.php?rest_route=%2Fwp%2Fv2%2Fcomments&post=54439"}],"version-history":[{"count":1,"href":"https:\/\/encuentroinformativo.com.mx\/index.php?rest_route=\/wp\/v2\/posts\/54439\/revisions"}],"predecessor-version":[{"id":54441,"href":"https:\/\/encuentroinformativo.com.mx\/index.php?rest_route=\/wp\/v2\/posts\/54439\/revisions\/54441"}],"wp:featuredmedia":[{"embeddable":true,"href":"https:\/\/encuentroinformativo.com.mx\/index.php?rest_route=\/wp\/v2\/media\/54440"}],"wp:attachment":[{"href":"https:\/\/encuentroinformativo.com.mx\/index.php?rest_route=%2Fwp%2Fv2%2Fmedia&parent=54439"}],"wp:term":[{"taxonomy":"category","embeddable":true,"href":"https:\/\/encuentroinformativo.com.mx\/index.php?rest_route=%2Fwp%2Fv2%2Fcategories&post=54439"},{"taxonomy":"post_tag","embeddable":true,"href":"https:\/\/encuentroinformativo.com.mx\/index.php?rest_route=%2Fwp%2Fv2%2Ftags&post=54439"}],"curies":[{"name":"wp","href":"https:\/\/api.w.org\/{rel}","templated":true}]}}