{"id":54442,"date":"2024-05-14T12:09:06","date_gmt":"2024-05-14T18:09:06","guid":{"rendered":"https:\/\/encuentroinformativo.com.mx\/?p=54442"},"modified":"2024-05-14T12:09:12","modified_gmt":"2024-05-14T18:09:12","slug":"denuncian-despidos-en-hospital-regional-de-veracruz-por-no-ir-a-campanas-de-morena","status":"publish","type":"post","link":"https:\/\/encuentroinformativo.com.mx\/?p=54442","title":{"rendered":"Denuncian despidos en Hospital Regional de Veracruz por no ir a campa\u00f1as de Morena"},"content":{"rendered":"\n<p><strong>Alejandro \u00c1vila<\/strong><\/p>\n\n\n\n<p>Veracruz, Ver.- Arturo Santos, denunci\u00f3 a la administradora del Hospital Regional de Veracruz, Marcela Ya\u00f1ez Tapia, de haberlo despedido injustificadamente por no aceptar acudir a los recorridos de campa\u00f1a de su familiar y candidata a la diputaci\u00f3n local por el Distrito 16, Guadalupe Tapia.<\/p>\n\n\n\n<p>El camillero de oficio y qui\u00e9n lleva 14 d\u00edas de haber sido separado de sus labores, mencion\u00f3 que no es la \u00fanica persona que ha sido despedida por la misma situaci\u00f3n; aunque sus ex compa\u00f1eros decidieron no hacer p\u00fablico el reclamo por temor a represalias.<\/p>\n\n\n\n<p>&#8220;No s\u00e9 qu\u00e9 est\u00e1 pasando con los recursos, creo que tambi\u00e9n est\u00e1 apoyando a su parienta, pido al gobernador que si tambi\u00e9n la se\u00f1ora, Marcela Ya\u00f1ez Tapia est\u00e1 en campa\u00f1a como se comprueba en las fotos, que sea separada de su cargo, como dijo el licenciado, Andr\u00e9s Manuel L\u00f3pez Obrador y el gobernador, que cualquiera que est\u00e9 en un cargo p\u00fablico y que est\u00e9 en campa\u00f1a, que renuncie a su cargo para que se dedique bien a campa\u00f1as&#8221;, expres\u00f3.<\/p>\n\n\n\n<p>El afectado se\u00f1al\u00f3 que el pasado 29 de diciembre 2023 corrieron a 20 empleados de contrato del Hospital Regional de Veracruz; mientras que el 28 de abril del presente a\u00f1o corrieron a 8 personas m\u00e1s.<\/p>\n\n\n\n<p>&#8220;Tenemos un sueldo, trabajamos en el Hospital y nos comprometimos a trabajar en el Hospital, pero c\u00f3mo es posible que la administradora, por no ir a apoyar, no s\u00e9 si sea su parienta la candidata Lupita Tapia me vengan a correr y me perjudicaron con mi familia, soy un padre de familia, tengo a mi esposa, tengo a mis 2 hijas, una hija reci\u00e9n nacida, y por no ir a caminar en las campa\u00f1as me despiden injustificadamente&#8221;, reclam\u00f3.<\/p>\n","protected":false},"excerpt":{"rendered":"<p>Alejandro \u00c1vila Veracruz, Ver.- Arturo Santos, denunci\u00f3 a la administradora del Hospital Regional de Veracruz, Marcela Ya\u00f1ez Tapia, de haberlo despedido injustificadamente por no aceptar acudir a los recorridos de campa\u00f1a de su familiar y candidata a la diputaci\u00f3n local por el Distrito 16, Guadalupe Tapia. El camillero de oficio y qui\u00e9n lleva 14 d\u00edas [&hellip;]<\/p>\n","protected":false},"author":2476,"featured_media":54443,"comment_status":"open","ping_status":"open","sticky":false,"template":"","format":"standard","meta":{"_jetpack_memberships_contains_paid_content":false,"footnotes":""},"categories":[9],"tags":[],"class_list":["post-54442","post","type-post","status-publish","format-standard","has-post-thumbnail","hentry","category-salud"],"jetpack_featured_media_url":"https:\/\/encuentroinformativo.com.mx\/wp-content\/uploads\/2024\/05\/IMG-20240514-WA00182.jpg","jetpack_sharing_enabled":true,"jetpack_likes_enabled":true,"amp_enabled":true,"_links":{"self":[{"href":"https:\/\/encuentroinformativo.com.mx\/index.php?rest_route=\/wp\/v2\/posts\/54442","targetHints":{"allow":["GET"]}}],"collection":[{"href":"https:\/\/encuentroinformativo.com.mx\/index.php?rest_route=\/wp\/v2\/posts"}],"about":[{"href":"https:\/\/encuentroinformativo.com.mx\/index.php?rest_route=\/wp\/v2\/types\/post"}],"author":[{"embeddable":true,"href":"https:\/\/encuentroinformativo.com.mx\/index.php?rest_route=\/wp\/v2\/users\/2476"}],"replies":[{"embeddable":true,"href":"https:\/\/encuentroinformativo.com.mx\/index.php?rest_route=%2Fwp%2Fv2%2Fcomments&post=54442"}],"version-history":[{"count":1,"href":"https:\/\/encuentroinformativo.com.mx\/index.php?rest_route=\/wp\/v2\/posts\/54442\/revisions"}],"predecessor-version":[{"id":54444,"href":"https:\/\/encuentroinformativo.com.mx\/index.php?rest_route=\/wp\/v2\/posts\/54442\/revisions\/54444"}],"wp:featuredmedia":[{"embeddable":true,"href":"https:\/\/encuentroinformativo.com.mx\/index.php?rest_route=\/wp\/v2\/media\/54443"}],"wp:attachment":[{"href":"https:\/\/encuentroinformativo.com.mx\/index.php?rest_route=%2Fwp%2Fv2%2Fmedia&parent=54442"}],"wp:term":[{"taxonomy":"category","embeddable":true,"href":"https:\/\/encuentroinformativo.com.mx\/index.php?rest_route=%2Fwp%2Fv2%2Fcategories&post=54442"},{"taxonomy":"post_tag","embeddable":true,"href":"https:\/\/encuentroinformativo.com.mx\/index.php?rest_route=%2Fwp%2Fv2%2Ftags&post=54442"}],"curies":[{"name":"wp","href":"https:\/\/api.w.org\/{rel}","templated":true}]}}