{"id":54451,"date":"2024-05-14T12:46:44","date_gmt":"2024-05-14T18:46:44","guid":{"rendered":"https:\/\/encuentroinformativo.com.mx\/?p=54451"},"modified":"2024-05-14T12:46:50","modified_gmt":"2024-05-14T18:46:50","slug":"por-apagones-canacintra-pide-mesa-de-dialogo-con-cfe","status":"publish","type":"post","link":"https:\/\/encuentroinformativo.com.mx\/?p=54451","title":{"rendered":"Por apagones, Canacintra pide mesa de di\u00e1logo con CFE"},"content":{"rendered":"\n<p><strong>Dar\u00edo Pale <\/strong><\/p>\n\n\n\n<p>Xalapa, Ver.- El vicepresidente Regional Golfo de la C\u00e1mara Nacional de la Industria de Transformaci\u00f3n (Canacintra), Juan Manuel Garc\u00eda Gonz\u00e1lez, inform\u00f3 que la C\u00e1mara a nivel nacional pide una mesa de di\u00e1logo con la CFE para saber que acciones est\u00e1n tomando frente a los apagones.<\/p>\n\n\n\n<p>En conferencia de prensa, el l\u00edder empresarial subray\u00f3 que no s\u00f3lo se afecta a la industria con los apagones, se afecta a todos los sectores productivos y de servicios, pero sobre todo a los ciudadanos.<\/p>\n\n\n\n<p>&#8220;Las p\u00e9rdidas no est\u00e1n calculadas porque obviamente tenemos problemas para saber qu\u00e9 industrias est\u00e1n muy incorporadas en ese tema, b\u00e1sicamente la cadena alimenticia deben tener, en el sureste, dos o tres mil millones de pesos por un apag\u00f3n de cuatro o cinco horas, por la cadena de fr\u00edo&#8221;, se\u00f1al\u00f3.<\/p>\n\n\n\n<p>Mencion\u00f3 que como consecuencia de la eliminaci\u00f3n del horario de verano se est\u00e1n dando estos apagones, aunado a ello, los apagones son por la falta de infraestructura e inversi\u00f3n real al sector energ\u00e9tico.<\/p>\n\n\n\n<p>Sostuvo que apostar por los combustibles f\u00f3siles es una cuesti\u00f3n del siglo pasado, hoy lo que se debe hacer es usar energ\u00edas renovables y limpias.<\/p>\n\n\n\n<p>&#8220;Ojal\u00e1 ahora los candidatos tomen muy en cuenta el lograr una transici\u00f3n energ\u00e9tica correcta&#8221;, pidi\u00f3.<\/p>\n\n\n\n<p>Por otra parte, Juan Manuel Garc\u00eda Gonz\u00e1lez coment\u00f3 que tras haber invitado a los tres candidatos a la gubernatura a tener un di\u00e1logo con los empresarios, s\u00f3lo el candidato Pepe Yunes acept\u00f3, tal vez por temas dogm\u00e1ticos.<\/p>\n\n\n\n<p>&#8220;Canacintra siempre ha tenido la mano extendida para todos y para poder llegar a acuerdos con todos y yo creo que son temas dogm\u00e1ticos que impiden tener una comunicaci\u00f3n m\u00e1s \u00e1giles con los dem\u00e1s candidatos&#8221;, extern\u00f3.<\/p>\n\n\n\n<p>Finalmente lament\u00f3 la falta de inter\u00e9s y record\u00f3 que las c\u00e1maras y colegios son \u00f3rganos obligados de consulta, por lo que tienen mucho que aportar.<\/p>\n","protected":false},"excerpt":{"rendered":"<p>Dar\u00edo Pale Xalapa, Ver.- El vicepresidente Regional Golfo de la C\u00e1mara Nacional de la Industria de Transformaci\u00f3n (Canacintra), Juan Manuel Garc\u00eda Gonz\u00e1lez, inform\u00f3 que la C\u00e1mara a nivel nacional pide una mesa de di\u00e1logo con la CFE para saber que acciones est\u00e1n tomando frente a los apagones. En conferencia de prensa, el l\u00edder empresarial subray\u00f3 [&hellip;]<\/p>\n","protected":false},"author":2476,"featured_media":54452,"comment_status":"open","ping_status":"open","sticky":false,"template":"","format":"standard","meta":{"_jetpack_memberships_contains_paid_content":false,"footnotes":""},"categories":[3],"tags":[],"class_list":["post-54451","post","type-post","status-publish","format-standard","has-post-thumbnail","hentry","category-xalapa"],"jetpack_featured_media_url":"https:\/\/encuentroinformativo.com.mx\/wp-content\/uploads\/2024\/05\/IMG-20240514-WA0033.jpg","jetpack_sharing_enabled":true,"jetpack_likes_enabled":true,"amp_enabled":true,"_links":{"self":[{"href":"https:\/\/encuentroinformativo.com.mx\/index.php?rest_route=\/wp\/v2\/posts\/54451","targetHints":{"allow":["GET"]}}],"collection":[{"href":"https:\/\/encuentroinformativo.com.mx\/index.php?rest_route=\/wp\/v2\/posts"}],"about":[{"href":"https:\/\/encuentroinformativo.com.mx\/index.php?rest_route=\/wp\/v2\/types\/post"}],"author":[{"embeddable":true,"href":"https:\/\/encuentroinformativo.com.mx\/index.php?rest_route=\/wp\/v2\/users\/2476"}],"replies":[{"embeddable":true,"href":"https:\/\/encuentroinformativo.com.mx\/index.php?rest_route=%2Fwp%2Fv2%2Fcomments&post=54451"}],"version-history":[{"count":1,"href":"https:\/\/encuentroinformativo.com.mx\/index.php?rest_route=\/wp\/v2\/posts\/54451\/revisions"}],"predecessor-version":[{"id":54453,"href":"https:\/\/encuentroinformativo.com.mx\/index.php?rest_route=\/wp\/v2\/posts\/54451\/revisions\/54453"}],"wp:featuredmedia":[{"embeddable":true,"href":"https:\/\/encuentroinformativo.com.mx\/index.php?rest_route=\/wp\/v2\/media\/54452"}],"wp:attachment":[{"href":"https:\/\/encuentroinformativo.com.mx\/index.php?rest_route=%2Fwp%2Fv2%2Fmedia&parent=54451"}],"wp:term":[{"taxonomy":"category","embeddable":true,"href":"https:\/\/encuentroinformativo.com.mx\/index.php?rest_route=%2Fwp%2Fv2%2Fcategories&post=54451"},{"taxonomy":"post_tag","embeddable":true,"href":"https:\/\/encuentroinformativo.com.mx\/index.php?rest_route=%2Fwp%2Fv2%2Ftags&post=54451"}],"curies":[{"name":"wp","href":"https:\/\/api.w.org\/{rel}","templated":true}]}}