{"id":54454,"date":"2024-05-14T14:44:20","date_gmt":"2024-05-14T20:44:20","guid":{"rendered":"https:\/\/encuentroinformativo.com.mx\/?p=54454"},"modified":"2024-05-14T14:44:26","modified_gmt":"2024-05-14T20:44:26","slug":"a-dias-de-la-eleccion-realizan-cambios-en-segob","status":"publish","type":"post","link":"https:\/\/encuentroinformativo.com.mx\/?p=54454","title":{"rendered":"A d\u00edas de la elecci\u00f3n, realizan cambios en Segob"},"content":{"rendered":"\n<p><strong>Dar\u00edo Pale<\/strong><\/p>\n\n\n\n<p>Xalapa, Ver.- A casi 15 d\u00edas del proceso electoral se realizan cambios en el gobierno del estado, donde nombran a nuevo subsecretario de gobierno al igual que una encargada de despacho de la Subsecretar\u00eda de Asuntos jur\u00eddicos y Legislativos de la Secretar\u00eda de gobierno.<\/p>\n\n\n\n<p>Por lo anterior se dio a conocer que, Sergio Ulises Montes Guzm\u00e1n, asume la titularidad de la Subsecretar\u00eda de Gobierno, cargo que desde el pasado mes de octubre de 2023 lo encabezaba Yair Ademar Dom\u00ednguez.<\/p>\n\n\n\n<p>\u00c9l se desempe\u00f1aba como Director de Asuntos Religiosos y actualmente estaba en la Direcci\u00f3n General de Cultura de Paz y Derechos Humanos.<\/p>\n\n\n\n<p>En tanto en la Subsecretar\u00eda de Asuntos Jur\u00eddicos y Legislativos de la Secretar\u00eda de Gobierno, se qued\u00f3 como encargada de despacho a Soraya Prado Rivera en lugar de Israel Hern\u00e1ndez Rold\u00e1n.<\/p>\n\n\n\n<p>Ella se desempa\u00f1aba como secretaria T\u00e9cnica del Consejo Estatal de Poblaci\u00f3n, la cual depend\u00eda de la secretaria de gobierno.<\/p>\n\n\n\n<p>Hay que recordar que desde el pasado \u00a0mes de octubre Eric Cisneros Burgos renunci\u00f3 al cargo de Secretario de Gobierno para contender en el proceso interno por la candidatura a la gubernatura de MORENA, donde en su lugar se nombr\u00f3 como encargado a Carlos Ju\u00e1rez Gil quien fung\u00eda como Subsecretario de Gobierno, quien m\u00e1s tarde fue ratificado por el gobernador Cuitl\u00e1huac Garc\u00eda Jim\u00e9nez, como secretario de gobierno.<\/p>\n","protected":false},"excerpt":{"rendered":"<p>Dar\u00edo Pale Xalapa, Ver.- A casi 15 d\u00edas del proceso electoral se realizan cambios en el gobierno del estado, donde nombran a nuevo subsecretario de gobierno al igual que una encargada de despacho de la Subsecretar\u00eda de Asuntos jur\u00eddicos y Legislativos de la Secretar\u00eda de gobierno. Por lo anterior se dio a conocer que, Sergio [&hellip;]<\/p>\n","protected":false},"author":2476,"featured_media":54455,"comment_status":"open","ping_status":"open","sticky":false,"template":"","format":"standard","meta":{"_jetpack_memberships_contains_paid_content":false,"footnotes":""},"categories":[2],"tags":[],"class_list":["post-54454","post","type-post","status-publish","format-standard","has-post-thumbnail","hentry","category-estado"],"jetpack_featured_media_url":"https:\/\/encuentroinformativo.com.mx\/wp-content\/uploads\/2024\/05\/IMG-20240514-WA0038.jpg","jetpack_sharing_enabled":true,"jetpack_likes_enabled":true,"amp_enabled":true,"_links":{"self":[{"href":"https:\/\/encuentroinformativo.com.mx\/index.php?rest_route=\/wp\/v2\/posts\/54454","targetHints":{"allow":["GET"]}}],"collection":[{"href":"https:\/\/encuentroinformativo.com.mx\/index.php?rest_route=\/wp\/v2\/posts"}],"about":[{"href":"https:\/\/encuentroinformativo.com.mx\/index.php?rest_route=\/wp\/v2\/types\/post"}],"author":[{"embeddable":true,"href":"https:\/\/encuentroinformativo.com.mx\/index.php?rest_route=\/wp\/v2\/users\/2476"}],"replies":[{"embeddable":true,"href":"https:\/\/encuentroinformativo.com.mx\/index.php?rest_route=%2Fwp%2Fv2%2Fcomments&post=54454"}],"version-history":[{"count":1,"href":"https:\/\/encuentroinformativo.com.mx\/index.php?rest_route=\/wp\/v2\/posts\/54454\/revisions"}],"predecessor-version":[{"id":54456,"href":"https:\/\/encuentroinformativo.com.mx\/index.php?rest_route=\/wp\/v2\/posts\/54454\/revisions\/54456"}],"wp:featuredmedia":[{"embeddable":true,"href":"https:\/\/encuentroinformativo.com.mx\/index.php?rest_route=\/wp\/v2\/media\/54455"}],"wp:attachment":[{"href":"https:\/\/encuentroinformativo.com.mx\/index.php?rest_route=%2Fwp%2Fv2%2Fmedia&parent=54454"}],"wp:term":[{"taxonomy":"category","embeddable":true,"href":"https:\/\/encuentroinformativo.com.mx\/index.php?rest_route=%2Fwp%2Fv2%2Fcategories&post=54454"},{"taxonomy":"post_tag","embeddable":true,"href":"https:\/\/encuentroinformativo.com.mx\/index.php?rest_route=%2Fwp%2Fv2%2Ftags&post=54454"}],"curies":[{"name":"wp","href":"https:\/\/api.w.org\/{rel}","templated":true}]}}