{"id":54463,"date":"2024-05-14T15:09:06","date_gmt":"2024-05-14T21:09:06","guid":{"rendered":"https:\/\/encuentroinformativo.com.mx\/?p=54463"},"modified":"2024-05-14T15:09:18","modified_gmt":"2024-05-14T21:09:18","slug":"veracruz-y-cdmx-se-cayeron-a-morena-reconoce-citlalli-hernandez","status":"publish","type":"post","link":"https:\/\/encuentroinformativo.com.mx\/?p=54463","title":{"rendered":"Veracruz y CDMX se &#8220;cayeron&#8221; a Morena, reconoce Citlalli Hern\u00e1ndez"},"content":{"rendered":"\n<p><strong>Alejandro \u00c1vila<\/strong><\/p>\n\n\n\n<p>Veracruz, Ver.- En entrevista para un medio de comunicaci\u00f3n de la capital del pa\u00eds, la secretaria general de Morena, Citlalli Hern\u00e1ndez Mora, confirm\u00f3 ue en Veracruz y la Ciudad de M\u00e9xico perdieron amplia ventaja que ten\u00edan hace algunos meses y es inminente la derrota.<\/p>\n\n\n\n<p>La ex Senadora de la Rep\u00fablica enfatiz\u00f3 que la llamada &#8220;guerra sucia&#8221;, que en realidad ha sido la exposici\u00f3n de enriquecimiento il\u00edcito de las candidatas de Ciudad de M\u00e9xico, Clara Brugada; y Veracruz, Roc\u00edo Nahle, ha sido un fuerte golpe para Morena.<\/p>\n\n\n\n<p>\u201cEs evidente que la oposici\u00f3n ha concentrado sus balas en guerra sucia, en no competir en el terreno de las ideas. La manera en la que han hecho guerra sucia con Roc\u00edo Nahle es muy evidente, as\u00ed ha sido tambi\u00e9n en Morelos con Margarita Gonz\u00e1lez Saravia, aqu\u00ed en la Ciudad de M\u00e9xico igualmente con Clara Brugada. Pareciera que el c\u00e1lculo de la oposici\u00f3n es que no van a ganar la Presidencia de la Rep\u00fablica, por lo que ahora buscan quitarnos votos en algunos estados donde la lista nominal es alta. Nosotros vemos que vamos a conservar por lo menos las gubernaturas donde ya gobernamos y que estamos en alta posibilidad de ganar Jalisco y Yucat\u00e1n\u201d.<\/p>\n\n\n\n<p>Tal parece que en esta elecci\u00f3n, en la cual es la primera vez que Morena no compite desde el lado de la oposici\u00f3n, las cosas no est\u00e1n saliendo como se esperaban<\/p>\n\n\n\n<p>\u201cPues un poco, porque al final nuestro movimiento decidi\u00f3 hace tiempo luchar por la v\u00eda pac\u00edfica, electoral, democr\u00e1tica y c\u00edvica para llegar al poder, con una l\u00f3gica de austeridad, de vocaci\u00f3n de servicio, con un proyecto de naci\u00f3n alternativo al neoliberal. Pareciera que este cambio entre ser oposici\u00f3n y ser gobierno es muy radical, pero no es as\u00ed. Hay algunos sectores econ\u00f3micos, hay algunos intereses de due\u00f1os de medios de comunicaci\u00f3n, hay algunos pol\u00edticos tradicionales que no nos quisieron como oposici\u00f3n, que no quer\u00edan que lleg\u00e1ramos al poder y que hoy siguen haciendo lo propio para que no continuemos con la transformaci\u00f3n\u201d, dijo al medio de comunicaci\u00f3n Eje Central.<\/p>\n","protected":false},"excerpt":{"rendered":"<p>Alejandro \u00c1vila Veracruz, Ver.- En entrevista para un medio de comunicaci\u00f3n de la capital del pa\u00eds, la secretaria general de Morena, Citlalli Hern\u00e1ndez Mora, confirm\u00f3 ue en Veracruz y la Ciudad de M\u00e9xico perdieron amplia ventaja que ten\u00edan hace algunos meses y es inminente la derrota. La ex Senadora de la Rep\u00fablica enfatiz\u00f3 que la [&hellip;]<\/p>\n","protected":false},"author":2476,"featured_media":54464,"comment_status":"open","ping_status":"open","sticky":false,"template":"","format":"standard","meta":{"_jetpack_memberships_contains_paid_content":false,"footnotes":""},"categories":[12],"tags":[],"class_list":["post-54463","post","type-post","status-publish","format-standard","has-post-thumbnail","hentry","category-nacional"],"jetpack_featured_media_url":"https:\/\/encuentroinformativo.com.mx\/wp-content\/uploads\/2024\/05\/IMG-20240514-WA0062.jpg","jetpack_sharing_enabled":true,"jetpack_likes_enabled":true,"amp_enabled":true,"_links":{"self":[{"href":"https:\/\/encuentroinformativo.com.mx\/index.php?rest_route=\/wp\/v2\/posts\/54463","targetHints":{"allow":["GET"]}}],"collection":[{"href":"https:\/\/encuentroinformativo.com.mx\/index.php?rest_route=\/wp\/v2\/posts"}],"about":[{"href":"https:\/\/encuentroinformativo.com.mx\/index.php?rest_route=\/wp\/v2\/types\/post"}],"author":[{"embeddable":true,"href":"https:\/\/encuentroinformativo.com.mx\/index.php?rest_route=\/wp\/v2\/users\/2476"}],"replies":[{"embeddable":true,"href":"https:\/\/encuentroinformativo.com.mx\/index.php?rest_route=%2Fwp%2Fv2%2Fcomments&post=54463"}],"version-history":[{"count":1,"href":"https:\/\/encuentroinformativo.com.mx\/index.php?rest_route=\/wp\/v2\/posts\/54463\/revisions"}],"predecessor-version":[{"id":54465,"href":"https:\/\/encuentroinformativo.com.mx\/index.php?rest_route=\/wp\/v2\/posts\/54463\/revisions\/54465"}],"wp:featuredmedia":[{"embeddable":true,"href":"https:\/\/encuentroinformativo.com.mx\/index.php?rest_route=\/wp\/v2\/media\/54464"}],"wp:attachment":[{"href":"https:\/\/encuentroinformativo.com.mx\/index.php?rest_route=%2Fwp%2Fv2%2Fmedia&parent=54463"}],"wp:term":[{"taxonomy":"category","embeddable":true,"href":"https:\/\/encuentroinformativo.com.mx\/index.php?rest_route=%2Fwp%2Fv2%2Fcategories&post=54463"},{"taxonomy":"post_tag","embeddable":true,"href":"https:\/\/encuentroinformativo.com.mx\/index.php?rest_route=%2Fwp%2Fv2%2Ftags&post=54463"}],"curies":[{"name":"wp","href":"https:\/\/api.w.org\/{rel}","templated":true}]}}