{"id":54469,"date":"2024-05-14T15:29:21","date_gmt":"2024-05-14T21:29:21","guid":{"rendered":"https:\/\/encuentroinformativo.com.mx\/?p=54469"},"modified":"2024-05-14T15:29:27","modified_gmt":"2024-05-14T21:29:27","slug":"evita-jorge-maynez-a-medios-de-comunicacion-en-xalapa","status":"publish","type":"post","link":"https:\/\/encuentroinformativo.com.mx\/?p=54469","title":{"rendered":"Evita Jorge M\u00e1ynez a medios de comunicaci\u00f3n en Xalapa"},"content":{"rendered":"\n<p><strong>Dar\u00edo Pale <\/strong><\/p>\n\n\n\n<p>Xalapa, Ver.- El candidato de Movimiento Ciudadano a la presidencia de la rep\u00fablica Jorge \u00c1lvarez M\u00e1ynez, se port\u00f3 de manera grosera con los medios de comunicaci\u00f3n quienes al intentar entrevistarlos los acus\u00f3 de que lo estaban bloqueando para ingresar a un evento con j\u00f3venes estudiantes, esto a pesar de que invitaron a la prensa.<\/p>\n\n\n\n<p>A pesar de que se convoc\u00f3 a prensa, el candidato a la presidencia de la Rep\u00fablica, \u00a0agredi\u00f3 a los medios de comunicaci\u00f3n junto con su equipo y alumnos de la Universidad An\u00e1huac de Xalapa, a su llegada a una reuni\u00f3n estudiantil, donde no se permiti\u00f3 el acceso a los medios de comunicaci\u00f3n.<\/p>\n\n\n\n<p>Aunque se le solicit\u00f3 al candidato una entrevista previa, decidi\u00f3 no detenerse lo que provoc\u00f3 un zafarrancho, que termin\u00f3 en agresiones a reporteras, reporteros y fot\u00f3grafos que lo esperaban, situaci\u00f3n que minimiz\u00f3 el candidato asegurando que la prensa lo hab\u00eda ocasionado.<\/p>\n\n\n\n<p>Se neg\u00f3 a contestar los cuestionamientos que le hac\u00edan los reporteros sobre sus propuestas para los j\u00f3venes y solo se limit\u00f3 a decir que ten\u00eda un llegar a un evento con joven estudiantes y acus\u00f3 a la prensa de que lo estaba bloqueando para llegar a la reuni\u00f3n.<\/p>\n\n\n\n<p>Por m\u00e1s que los medios de comunicaci\u00f3n les solicitaron que se detuviera, Maynez omiti\u00f3 hacerlo, con la excusa de que llegar\u00eda tarde al evento, por lo que al llegar a las escaleras del recinto el candidato ingres\u00f3 y a la prensa se le neg\u00f3 el acceso.<\/p>\n\n\n\n<p>Este d\u00eda el candidato de Movimiento Ciudadano(MC), tiene una gira en el estado de Veracruz que inici\u00f3 en Xalapa y culminar\u00e1 en un encuentro en Ciudad Cardel con militantes y ciudadanos.<\/p>\n","protected":false},"excerpt":{"rendered":"<p>Dar\u00edo Pale Xalapa, Ver.- El candidato de Movimiento Ciudadano a la presidencia de la rep\u00fablica Jorge \u00c1lvarez M\u00e1ynez, se port\u00f3 de manera grosera con los medios de comunicaci\u00f3n quienes al intentar entrevistarlos los acus\u00f3 de que lo estaban bloqueando para ingresar a un evento con j\u00f3venes estudiantes, esto a pesar de que invitaron a la [&hellip;]<\/p>\n","protected":false},"author":2476,"featured_media":54470,"comment_status":"open","ping_status":"open","sticky":false,"template":"","format":"standard","meta":{"_jetpack_memberships_contains_paid_content":false,"footnotes":""},"categories":[2,12],"tags":[],"class_list":["post-54469","post","type-post","status-publish","format-standard","has-post-thumbnail","hentry","category-estado","category-nacional"],"jetpack_featured_media_url":"https:\/\/encuentroinformativo.com.mx\/wp-content\/uploads\/2024\/05\/IMG-20240514-WA0064.jpg","jetpack_sharing_enabled":true,"jetpack_likes_enabled":true,"amp_enabled":true,"_links":{"self":[{"href":"https:\/\/encuentroinformativo.com.mx\/index.php?rest_route=\/wp\/v2\/posts\/54469","targetHints":{"allow":["GET"]}}],"collection":[{"href":"https:\/\/encuentroinformativo.com.mx\/index.php?rest_route=\/wp\/v2\/posts"}],"about":[{"href":"https:\/\/encuentroinformativo.com.mx\/index.php?rest_route=\/wp\/v2\/types\/post"}],"author":[{"embeddable":true,"href":"https:\/\/encuentroinformativo.com.mx\/index.php?rest_route=\/wp\/v2\/users\/2476"}],"replies":[{"embeddable":true,"href":"https:\/\/encuentroinformativo.com.mx\/index.php?rest_route=%2Fwp%2Fv2%2Fcomments&post=54469"}],"version-history":[{"count":1,"href":"https:\/\/encuentroinformativo.com.mx\/index.php?rest_route=\/wp\/v2\/posts\/54469\/revisions"}],"predecessor-version":[{"id":54471,"href":"https:\/\/encuentroinformativo.com.mx\/index.php?rest_route=\/wp\/v2\/posts\/54469\/revisions\/54471"}],"wp:featuredmedia":[{"embeddable":true,"href":"https:\/\/encuentroinformativo.com.mx\/index.php?rest_route=\/wp\/v2\/media\/54470"}],"wp:attachment":[{"href":"https:\/\/encuentroinformativo.com.mx\/index.php?rest_route=%2Fwp%2Fv2%2Fmedia&parent=54469"}],"wp:term":[{"taxonomy":"category","embeddable":true,"href":"https:\/\/encuentroinformativo.com.mx\/index.php?rest_route=%2Fwp%2Fv2%2Fcategories&post=54469"},{"taxonomy":"post_tag","embeddable":true,"href":"https:\/\/encuentroinformativo.com.mx\/index.php?rest_route=%2Fwp%2Fv2%2Ftags&post=54469"}],"curies":[{"name":"wp","href":"https:\/\/api.w.org\/{rel}","templated":true}]}}