{"id":54479,"date":"2024-05-14T22:11:29","date_gmt":"2024-05-15T04:11:29","guid":{"rendered":"https:\/\/encuentroinformativo.com.mx\/?p=54479"},"modified":"2024-05-14T22:11:36","modified_gmt":"2024-05-15T04:11:36","slug":"morena-acabo-con-las-oportunidades-de-los-jovenes-adriana-rojano","status":"publish","type":"post","link":"https:\/\/encuentroinformativo.com.mx\/?p=54479","title":{"rendered":"Morena acab\u00f3 con las oportunidades de los j\u00f3venes: Adriana Rojano"},"content":{"rendered":"\n<p><strong>* &#8220;Necesitamos caminar juntos, merecen certeza en su futuro&#8221;, expresa<\/strong>.<\/p>\n\n\n\n<p>Xalapa, Ver.- J\u00f3venes reconocieron que en la actual administraci\u00f3n desaparecieron programas que aportaban a su crecimiento profesional y pidieron a Adriana Rojano atender realmente la situaci\u00f3n de incertidumbre que los aqueja.<\/p>\n\n\n\n<p>Durante una reuni\u00f3n que mantuvo la candidata a la Diputaci\u00f3n Local por Xalapa 11 con chicas y chicos, lament\u00f3 que debido a la inestabilidad a la que se enfrentan actualmente en el \u00e1mbito laboral los obligue a emigrar de la ciudad, el Estado y hasta del pa\u00eds, en busca de mejores oportunidades.<\/p>\n\n\n\n<p>&#8220;Es terrible que no existan opciones para ustedes, entiendo que existen muchas inquietudes y necesitan aliados que comiencen a ocuparse de esas situaciones que da\u00f1an su futuro&#8221;.<\/p>\n\n\n\n<p>La abanderada por la coalici\u00f3n &#8220;Fuerza y Coraz\u00f3n por Veracruz&#8221; escuch\u00f3 las peticiones de cada uno de los presentes, quienes solicitaron iniciativas en temas ambientales, econ\u00f3micas, educativas, culturales, art\u00edsticas y de seguridad.<\/p>\n\n\n\n<p>&#8220;Si ustedes me dan la oportunidad este 2 de junio, yo llevar\u00e9 su voz al Congreso del Estado, yo legislar\u00e9, gestionar\u00e9 y vigilar\u00e9 que los recursos se dirijan a la creaci\u00f3n de oportunidades en pro de la vida digna por la cual luchan&#8221;.<\/p>\n\n\n\n<p>Por \u00faltimo, record\u00f3 que actualmente se dan apoyos a j\u00f3venes sin asegurarse que este sea utilizado de forma correcta, denigrando la educaci\u00f3n y preparaci\u00f3n de las personas, debido a que no respaldan a los universitarios o reci\u00e9n egresados para crear condiciones que fomenten su crecimiento profesional, econ\u00f3mico y social.<\/p>\n","protected":false},"excerpt":{"rendered":"<p>* &#8220;Necesitamos caminar juntos, merecen certeza en su futuro&#8221;, expresa. Xalapa, Ver.- J\u00f3venes reconocieron que en la actual administraci\u00f3n desaparecieron programas que aportaban a su crecimiento profesional y pidieron a Adriana Rojano atender realmente la situaci\u00f3n de incertidumbre que los aqueja. Durante una reuni\u00f3n que mantuvo la candidata a la Diputaci\u00f3n Local por Xalapa 11 [&hellip;]<\/p>\n","protected":false},"author":2476,"featured_media":54480,"comment_status":"open","ping_status":"open","sticky":false,"template":"","format":"standard","meta":{"_jetpack_memberships_contains_paid_content":false,"footnotes":""},"categories":[3],"tags":[],"class_list":["post-54479","post","type-post","status-publish","format-standard","has-post-thumbnail","hentry","category-xalapa"],"jetpack_featured_media_url":"https:\/\/encuentroinformativo.com.mx\/wp-content\/uploads\/2024\/05\/IMG-20240514-WA01382.jpg","jetpack_sharing_enabled":true,"jetpack_likes_enabled":true,"amp_enabled":true,"_links":{"self":[{"href":"https:\/\/encuentroinformativo.com.mx\/index.php?rest_route=\/wp\/v2\/posts\/54479","targetHints":{"allow":["GET"]}}],"collection":[{"href":"https:\/\/encuentroinformativo.com.mx\/index.php?rest_route=\/wp\/v2\/posts"}],"about":[{"href":"https:\/\/encuentroinformativo.com.mx\/index.php?rest_route=\/wp\/v2\/types\/post"}],"author":[{"embeddable":true,"href":"https:\/\/encuentroinformativo.com.mx\/index.php?rest_route=\/wp\/v2\/users\/2476"}],"replies":[{"embeddable":true,"href":"https:\/\/encuentroinformativo.com.mx\/index.php?rest_route=%2Fwp%2Fv2%2Fcomments&post=54479"}],"version-history":[{"count":1,"href":"https:\/\/encuentroinformativo.com.mx\/index.php?rest_route=\/wp\/v2\/posts\/54479\/revisions"}],"predecessor-version":[{"id":54481,"href":"https:\/\/encuentroinformativo.com.mx\/index.php?rest_route=\/wp\/v2\/posts\/54479\/revisions\/54481"}],"wp:featuredmedia":[{"embeddable":true,"href":"https:\/\/encuentroinformativo.com.mx\/index.php?rest_route=\/wp\/v2\/media\/54480"}],"wp:attachment":[{"href":"https:\/\/encuentroinformativo.com.mx\/index.php?rest_route=%2Fwp%2Fv2%2Fmedia&parent=54479"}],"wp:term":[{"taxonomy":"category","embeddable":true,"href":"https:\/\/encuentroinformativo.com.mx\/index.php?rest_route=%2Fwp%2Fv2%2Fcategories&post=54479"},{"taxonomy":"post_tag","embeddable":true,"href":"https:\/\/encuentroinformativo.com.mx\/index.php?rest_route=%2Fwp%2Fv2%2Ftags&post=54479"}],"curies":[{"name":"wp","href":"https:\/\/api.w.org\/{rel}","templated":true}]}}