{"id":5450,"date":"2020-09-02T07:21:07","date_gmt":"2020-09-02T12:21:07","guid":{"rendered":"https:\/\/encuentroinformativo.com\/?p=5450"},"modified":"2020-09-02T01:25:43","modified_gmt":"2020-09-02T06:25:43","slug":"soy-un-hombre-que-respeta-la-ley-y-los-acuerdos-exsome","status":"publish","type":"post","link":"https:\/\/encuentroinformativo.com.mx\/?p=5450","title":{"rendered":"SOY UN HOMBRE QUE RESPETA LA LEY Y LOS ACUERDOS: EXSOME"},"content":{"rendered":"\n<p><strong>+ No hay cambios en gabinete de Cuitl\u00e1huac.<\/strong><\/p>\n\n\n\n<p><strong>+ David Jim\u00e9nez, al OPLEV.<\/strong><\/p>\n\n\n\n<p><strong>+ Planta secretaria a hoteleros.<\/strong><\/p>\n\n\n\n<p><strong>+ Veracruz tiene el mejor ron del mundo.<\/strong><\/p>\n\n\n\n<p><strong><em>Que se ve m\u00e1s Harry Grappa que la secretaria de Turismo, chale.<\/em><\/strong><\/p>\n\n\n\n<p><strong><em>&#8211;Chopenjawer<\/em><\/strong><\/p>\n\n\n\n<p>&#8220;Quiero ser muy claro: soy un hombre que respeta la Ley y los acuerdos&#8221;, ataja el diputado federal morenista Ricardo Exsome Zapata, para no ser c\u00f3mplice de jugarretas pol\u00edticas.<\/p>\n\n\n\n<p>Y es que en las \u00faltimas horas ha sido blanco de cr\u00edticas en el sentido de su voto all\u00e1 en San L\u00e1zaro: &#8220;en un af\u00e1n perverso y mal intencionado se han vertido distintos pronunciamientos para desvirtuar y mal informar, pero soy un hombre que respeta la ley.&#8221;<\/p>\n\n\n\n<p>Serio y firme, el empresario y constructor veracruzano explic\u00f3 lo acontecido durante la elecci\u00f3n de los integrantes de la Mesa Directiva para el segundo y tercer a\u00f1o de ejercicio de la Legislatura federal y en la que se presagiaba una nueva jugarreta priista para obtener el sitio.<\/p>\n\n\n\n<p>En ese sentido, explica: &#8220;La elecci\u00f3n de los integrantes de la Mesa Directiva se llevar\u00e1 a cabo durante la sesi\u00f3n preparatoria del a\u00f1o de ejercicio que corresponda, garantizando que la Presidencia de la Mesa Directiva para tales ejercicios recaiga, en orden decreciente, en un integrante de los dos grupos parlamentarios con mayor n\u00famero de diputados que no la hayan ejercido.&#8221;<\/p>\n\n\n\n<p>As\u00ed lo establece el Art\u00edculo 17, fracci\u00f3n s\u00e9ptima, de la Ley Org\u00e1nica del Congreso General de los Estados Unidos Mexicanos y el Acuerdo de cordialidad, civilidad y respeto como criterios para conducir los trabajos parlamentarios firmado por los integrantes de la Junta de Coordinaci\u00f3n Pol\u00edtica, el 5 de septiembre de 2018, cuando inici\u00f3 la actual Legislatura.<\/p>\n\n\n\n<p>Subraya Exsome: &#8220;La Ley es muy clara y est\u00e1 para cumplirse. La votaci\u00f3n en la sesi\u00f3n preparatoria de ayer no era para decidir qu\u00e9 partido tendr\u00eda la Presidencia de la Mesa Directiva, sino para decidir los nombres y perfiles de quienes la integrar\u00edan.&#8221;<\/p>\n\n\n\n<p>Pero recrimin\u00f3 que en un af\u00e1n perverso y mal intencionado se han vertido distintos pronunciamientos &#8220;para desvirtuar y mal informar el sentido de mi voto, y en ese sentido quiero ser muy claro: soy un hombre que respeta la Ley y los Acuerdos&#8221;, recalc\u00f3 el legislador veracruzano.<\/p>\n\n\n\n<p>La determinaci\u00f3n del grupo parlamentario de Morena durante su sesi\u00f3n previa al inicio de los trabajos legislativos, explic\u00f3, fue para darle cumplimiento tanto a la Ley como al Acuerdo y, adem\u00e1s, se valorar\u00eda la menci\u00f3n que el Presidente de la Rep\u00fablica hizo en el sentido de respetar los acuerdos y no permitir maniobras ventajosas de parte de ning\u00fan partido pol\u00edtico.<\/p>\n\n\n\n<p>&#8220;As\u00ed, en ese entendido, me present\u00e9 a la Sesi\u00f3n preparatoria para ejercer mi facultad como legislador&#8221;, mencion\u00f3 el diputado por el puerto de Veracruz tras asegurar que nunca estuvo, ni ha estado, interesado sobre qu\u00e9 partido est\u00e9 al frente de la Mesa Directiva este \u00faltimo a\u00f1o sino, insisti\u00f3, solamente los nombres de quienes la integrar\u00edan.<\/p>\n\n\n\n<p>Finalmente, invit\u00f3 a quienes no tengan la informaci\u00f3n correcta y precisa, puedan allegarse de ella y despu\u00e9s ejerzan libremente sus expresiones y comentarios. As\u00ed nom\u00e1s.<\/p>\n\n\n\n<p><strong>NOTA PARA PEGAR EN EL REFRI: <\/strong>Una fuente de muy alto nivel confirma que hasta el momento no se tiene pensado ning\u00fan cambio en el gabinete del gobernador Cuitl\u00e1huac Garc\u00eda Jim\u00e9nez, como se ha rumorado en los \u00faltimos d\u00edas. Hasta ahora ning\u00fan secretario tendr\u00eda por qu\u00e9 irse, aunque s\u00ed permanece el rumor de que algunos tendr\u00e1n que renunciar por se ir\u00e1n a la aventura de las diputaciones o alcald\u00edas&#8230; y de esos, quiz\u00e1s s\u00f3lo uno o dos.<\/p>\n\n\n\n<p><strong>OTRA NOTA: <\/strong>Que David Agust\u00edn Jim\u00e9nez Rojas pasar\u00e1 de ser Director General del Registro P\u00fablico de la Propiedad y de Inspecci\u00f3n y Archivo General de Notar\u00edas (dependiente de la Secretar\u00eda de Gobierno) a convertirse en el representante del partido MORENA en el Organismo P\u00fablico Local Electoral de Veracruz en las pr\u00f3ximas horas.<\/p>\n\n\n\n<p><strong>OTRA NOTA EXTRA: <\/strong>Lo comenta el portal Versiones, sobre el plant\u00f3n que la secre de Turismo le dio a hoteleros de la zona conurbada Veracruz-Boca del R\u00edo: &#8220;Los empresarios se mostraron extra\u00f1ados por la ausencia de la secretaria, pues consideraron que era muy importante que conociera las bondades de este proyecto que beneficiar\u00e1 a un sector que ha sido muy golpeado por la pandemia del Covid-19. Meses con hoteles cerrados, o a un m\u00ednimo de su capacidad, los inversionistas quer\u00edan escuchar qu\u00e9 otras ideas tiene la servidora p\u00fablica para reactivar al sector hotelero, restaurantero y del \u00e1rea de servicios tur\u00edsticos. En esa reuni\u00f3n estuvieron presentes gerentes del Fiesta Americana, Camino Real, Fiesta Inn, de aerol\u00edneas como Aerom\u00e9xico, Tar, as\u00ed como el alcalde de Boca del R\u00edo, Humberto Alonso Morelli, entre otros&#8221;.<\/p>\n\n\n\n<p><strong>LA \u00daLTIMA PORQUE ME VOY A SO\u00d1AR CON MI CRUSH: <\/strong>Que C\u00f3rdoba (y por ende, Veracruz) tiene algo muy ching\u00f3n para presumir: tiene el mejor ron del mundo. Lo anterior, porque el pasado 16 de agosto, el Ron Villa Rica 23 a\u00f1os Edici\u00f3n Oro, producido en la Ciudad de los 30 Caballeros, hizo historia al obtener por sexto a\u00f1o consecutivo, la m\u00e1xima distinci\u00f3n en los premios del International Taste Institute: el Superior Taste Award 2020&#8230; &#8220;Con sede en Bruselas, B\u00e9lgica, la cata organizada por el International Taste Institute (antes conocida como ITQI), es una de las m\u00e1s importantes en olimpo gourmet al convocar a m\u00e1s de 130 pa\u00edses y contar con un prestigiado jurado formado por 200 sommeliers y chef de todo el mundo, incluidos aquellos que cocinan para celebridades como el m\u00fasico Elton John y miembros de la realeza europea&#8221;, detalla la revista Forbes&#8230; Si uno siempre ha dicho que Veracruz es muy parecido a Cuba, me cae.<\/p>\n\n\n\n<p><strong>@pablojair<\/strong><\/p>\n","protected":false},"excerpt":{"rendered":"<p>+ No hay cambios en gabinete de Cuitl\u00e1huac. + David Jim\u00e9nez, al OPLEV. + Planta secretaria a hoteleros. + Veracruz tiene el mejor ron del mundo. Que se ve m\u00e1s Harry Grappa que la secretaria de Turismo, chale. &#8211;Chopenjawer &#8220;Quiero ser muy claro: soy un hombre que respeta la Ley y los acuerdos&#8221;, ataja el [&hellip;]<\/p>\n","protected":false},"author":1,"featured_media":488,"comment_status":"open","ping_status":"open","sticky":false,"template":"","format":"standard","meta":{"_jetpack_memberships_contains_paid_content":false,"footnotes":""},"categories":[11],"tags":[],"class_list":["post-5450","post","type-post","status-publish","format-standard","has-post-thumbnail","hentry","category-opinion"],"jetpack_featured_media_url":"https:\/\/encuentroinformativo.com.mx\/wp-content\/uploads\/2020\/03\/F471F608-BA1A-416B-BA7B-BCFB24F4E6D0.jpeg","jetpack_sharing_enabled":true,"jetpack_likes_enabled":true,"amp_enabled":true,"_links":{"self":[{"href":"https:\/\/encuentroinformativo.com.mx\/index.php?rest_route=\/wp\/v2\/posts\/5450","targetHints":{"allow":["GET"]}}],"collection":[{"href":"https:\/\/encuentroinformativo.com.mx\/index.php?rest_route=\/wp\/v2\/posts"}],"about":[{"href":"https:\/\/encuentroinformativo.com.mx\/index.php?rest_route=\/wp\/v2\/types\/post"}],"author":[{"embeddable":true,"href":"https:\/\/encuentroinformativo.com.mx\/index.php?rest_route=\/wp\/v2\/users\/1"}],"replies":[{"embeddable":true,"href":"https:\/\/encuentroinformativo.com.mx\/index.php?rest_route=%2Fwp%2Fv2%2Fcomments&post=5450"}],"version-history":[{"count":1,"href":"https:\/\/encuentroinformativo.com.mx\/index.php?rest_route=\/wp\/v2\/posts\/5450\/revisions"}],"predecessor-version":[{"id":5451,"href":"https:\/\/encuentroinformativo.com.mx\/index.php?rest_route=\/wp\/v2\/posts\/5450\/revisions\/5451"}],"wp:featuredmedia":[{"embeddable":true,"href":"https:\/\/encuentroinformativo.com.mx\/index.php?rest_route=\/wp\/v2\/media\/488"}],"wp:attachment":[{"href":"https:\/\/encuentroinformativo.com.mx\/index.php?rest_route=%2Fwp%2Fv2%2Fmedia&parent=5450"}],"wp:term":[{"taxonomy":"category","embeddable":true,"href":"https:\/\/encuentroinformativo.com.mx\/index.php?rest_route=%2Fwp%2Fv2%2Fcategories&post=5450"},{"taxonomy":"post_tag","embeddable":true,"href":"https:\/\/encuentroinformativo.com.mx\/index.php?rest_route=%2Fwp%2Fv2%2Ftags&post=5450"}],"curies":[{"name":"wp","href":"https:\/\/api.w.org\/{rel}","templated":true}]}}