{"id":54502,"date":"2024-05-16T01:08:20","date_gmt":"2024-05-16T07:08:20","guid":{"rendered":"https:\/\/encuentroinformativo.com.mx\/?p=54502"},"modified":"2024-05-16T01:08:26","modified_gmt":"2024-05-16T07:08:26","slug":"pepe-yunes-xochitl-galvez-y-magisterio-en-alianza-para-recuperar-veracruz","status":"publish","type":"post","link":"https:\/\/encuentroinformativo.com.mx\/?p=54502","title":{"rendered":"Pepe Yunes, X\u00f3chitl G\u00e1lvez y magisterio, en alianza para recuperar Veracruz"},"content":{"rendered":"\n<p><strong>* Afianzan compromiso para llevar adelante a las nuevas generaciones con educaci\u00f3n que honre la grandeza de las y los veracruzanos de verdad.<\/strong><\/p>\n\n\n\n<p>Boca del R\u00edo, Ver. Una exhaustiva revisi\u00f3n al Seguro Institucional, al Seguro Magisterial y a la Unidad del Sistema para la Carrera de las Maestras y Maestros (Usicamm), atenci\u00f3n y acompa\u00f1amiento en lo relativo a pensiones y jubilaciones del Instituto Mexicano del Seguro Social (IMSS), del Instituto de Seguridad y Servicios Sociales de los Trabajadores del Estado (Issste) y todos los temas prioritarios y urgentes, ofreci\u00f3 Pepe Yunes ante miles de docentes de todo el estado, al lado de la candidata a presidenta de la Rep\u00fablica, X\u00f3chitl G\u00e1lvez Ruiz, en una magna concentraci\u00f3n en el bulevar de Boca del R\u00edo.<\/p>\n\n\n\n<p>\u201c\u00a1Presidenta, presidenta\u2026!\u201d, \u201c\u00a1Gobernador, gobernador!\u201d, coreaban a una sola voz, entre banderas blanco, rojo, amarillo y azul que ondeaban con energ\u00eda, millares de maestras y maestros veracruzanos, defraudados, olvidados y despreciados por un gobierno indolente y abusivo, pero que ya saben y reconocen qui\u00e9n les miente y qui\u00e9n les habla con la verdad.<\/p>\n\n\n\n<p>En presencia de los dirigentes nacionales y representantes del PRI, PAN y PRD, candidatas y candidatos a senadur\u00edas y a diputaciones federales y locales, l\u00edderes e integrantes de distintas organizaciones gremiales del estado, el candidato a gobernador por la coalici\u00f3n Fuerza y Coraz\u00f3n por Veracruz se comprometi\u00f3 a lograr que todos los trabajadores del Estado tengan seguridad social, vivienda y atenci\u00f3n m\u00e9dica.<\/p>\n\n\n\n<p>En este encuentro, Pepe Yunes expres\u00f3 todo su reconocimiento a quienes viven con entrega su vocaci\u00f3n al magisterio. \u201cQuienes hemos hecho carrera pol\u00edtica a pie, a ras de tierra, sabemos lo que significa cada maestra y maestro en cada comunidad, en cada colonia. Sabemos lo que dejan en las aulas de la mano de nuestros ni\u00f1os y de nuestros j\u00f3venes: sabidur\u00eda e instrumentos de vida.<\/p>\n\n\n\n<p>\u201cQuienes hemos estado en las zonas ind\u00edgenas serranas, en las colonias populares, sabemos que la tarea del maestro trasciende la de por s\u00ed inigualable labor, porque se convierten en la conciencia de esa comunidad, en quienes organizan la gesti\u00f3n de esa comunidad. \u00c9se es el magisterio veracruzano que ha levantado a Veracruz\u201d.<\/p>\n\n\n\n<p>El candidato profundiz\u00f3 y ampli\u00f3 el llamado a votar por las candidatas y candidatos de esta coalici\u00f3n y ganar esta elecci\u00f3n \u201cpara que a partir del 1 de diciembre en Veracruz los temas del magisterio sean los prioritarios del pr\u00f3ximo gobierno. Organic\u00e9monos, reflexionemos, tengamos en claro lo que est\u00e1 en juego, nuestro sistema educativo y el desarrollo del estado, nuestras libertades y nuestras instituciones democr\u00e1ticas\u201d.<\/p>\n\n\n\n<p>Pepe Yunes advirti\u00f3 que no habr\u00e1 crecimiento sin desarrollo y sin educaci\u00f3n. Destac\u00f3 que, despu\u00e9s de los ni\u00f1os, ni\u00f1as y j\u00f3venes, lo m\u00e1s importante son las maestras y los maestros \u201cque todos los d\u00edas ponen ejemplo de c\u00f3mo con tes\u00f3n y sacrificio se hace Patria. La Patria empieza en nuestras aulas y esas aulas ser\u00e1n prioridad del pr\u00f3ximos gobierno\u201d.<\/p>\n\n\n\n<p>En su intervenci\u00f3n, la candidata a la Presidencia de M\u00e9xico, X\u00f3chitl G\u00e1lvez, adelant\u00f3 que \u201cen mi gobierno yo no voy a querer sindicatos a modo, yo voy a querer sindicatos que defiendan a la educaci\u00f3n, que defiendan la calidad y defiendan a los maestros\u201d. Y anunci\u00f3 una gran alianza con Pepe Yunes y con todos estos maestros \u201cque lo \u00fanico que buscan es que mejore la educaci\u00f3n de sus hijos\u201d.<\/p>\n\n\n\n<p>En presencia de padres y madres de familia, lament\u00f3 que M\u00e9xico haya perdido diez a\u00f1os en matem\u00e1ticas, gracias a un gobierno que ha apostado por la ideolog\u00eda en lugar de la tecnolog\u00eda. Por lo que ofreci\u00f3 revisar ese modelo educativo.<\/p>\n\n\n\n<p>Se uni\u00f3 a la iniciativa de Pepe Yunes de revisar tambi\u00e9n todos los temas prioritarios y propuso que ning\u00fan maestro gane menos de 20 mil pesos. Adem\u00e1s, \u201cel Usicamm se va. Vamos a construir un sistema transparente, \u00e9tico, con ustedes, con las bases, con los maestros, no solo con los sindicatos, para que haya transparencia en c\u00f3mo se asciende, c\u00f3mo el m\u00e9rito los lleva a tener mejores salarios, no como hoy\u201d.<\/p>\n\n\n\n<p>Ofreci\u00f3 certidumbre laboral apostando por la profesionalizaci\u00f3n, la masificaci\u00f3n de las plazas, ampliar los cr\u00e9ditos hipotecarios que otorga el Issste. Y se comprometi\u00f3: \u201cNosotros no vamos a tener obras fara\u00f3nicas como esa de Dos Bocas. Nuestras obras fara\u00f3nicas van a ser las escuelas, que haya ba\u00f1os, que los salones est\u00e9n bien equipados, que haya tecnolog\u00eda, que haya computadoras y materiales did\u00e1cticos.<\/p>\n\n\n\n<p>X\u00f3chitl G\u00e1lvez concluy\u00f3 asegurando: \u201cNo tengan duda, Pepe Yunes va a ser gobernador. Pepe Yunes y yo vamos a trabajar por la educaci\u00f3n. \u00a1Maestros, no est\u00e1n solos! \u00a1Vamos a ganar!\u201d.<\/p>\n\n\n\n<p><em>Seguridad, revisi\u00f3n al Usicamm y no al adoctrinamiento, piden maestros<\/em><\/p>\n\n\n\n<p>A su vez, en voz de la maestra Yeyetzi Arroyo, las y los docentes del estado pidieron seguridad, revisi\u00f3n de la Unidad del Sistema para la Carrera de las Maestras y los Maestros (Usicamm) y no al adoctrinamiento en las escuelas, sino recursos para su adecuado funcionamiento.<\/p>\n\n\n\n<p>Urgi\u00f3 a recuperar el estado y el pa\u00eds. \u201cNecesitamos un gobierno que dignifique la labor docente, que regrese a las aulas el valor que tienen como espacios donde los alumnos se forman como futuros ciudadanos. No m\u00e1s sueldos incompletos, tr\u00e1mites condicionados, no m\u00e1s procesos de Usicamm manipulados y en lo oscuro. Basta de regateos\u201d.<\/p>\n\n\n\n<p>\u201cHoy m\u00e1s que nunca necesitamos un Gobierno de Verdad. X\u00f3chitl, Pepe, \u00a1los maestros estamos con ustedes y vamos a ganar!\u201d, finaliz\u00f3 la maestra Arroyo.<\/p>\n","protected":false},"excerpt":{"rendered":"<p>* Afianzan compromiso para llevar adelante a las nuevas generaciones con educaci\u00f3n que honre la grandeza de las y los veracruzanos de verdad. Boca del R\u00edo, Ver. Una exhaustiva revisi\u00f3n al Seguro Institucional, al Seguro Magisterial y a la Unidad del Sistema para la Carrera de las Maestras y Maestros (Usicamm), atenci\u00f3n y acompa\u00f1amiento en [&hellip;]<\/p>\n","protected":false},"author":2476,"featured_media":54503,"comment_status":"open","ping_status":"open","sticky":false,"template":"","format":"standard","meta":{"_jetpack_memberships_contains_paid_content":false,"footnotes":""},"categories":[2],"tags":[],"class_list":["post-54502","post","type-post","status-publish","format-standard","has-post-thumbnail","hentry","category-estado"],"jetpack_featured_media_url":"https:\/\/encuentroinformativo.com.mx\/wp-content\/uploads\/2024\/05\/IMG-20240515-WA0121.jpg","jetpack_sharing_enabled":true,"jetpack_likes_enabled":true,"amp_enabled":true,"_links":{"self":[{"href":"https:\/\/encuentroinformativo.com.mx\/index.php?rest_route=\/wp\/v2\/posts\/54502","targetHints":{"allow":["GET"]}}],"collection":[{"href":"https:\/\/encuentroinformativo.com.mx\/index.php?rest_route=\/wp\/v2\/posts"}],"about":[{"href":"https:\/\/encuentroinformativo.com.mx\/index.php?rest_route=\/wp\/v2\/types\/post"}],"author":[{"embeddable":true,"href":"https:\/\/encuentroinformativo.com.mx\/index.php?rest_route=\/wp\/v2\/users\/2476"}],"replies":[{"embeddable":true,"href":"https:\/\/encuentroinformativo.com.mx\/index.php?rest_route=%2Fwp%2Fv2%2Fcomments&post=54502"}],"version-history":[{"count":1,"href":"https:\/\/encuentroinformativo.com.mx\/index.php?rest_route=\/wp\/v2\/posts\/54502\/revisions"}],"predecessor-version":[{"id":54504,"href":"https:\/\/encuentroinformativo.com.mx\/index.php?rest_route=\/wp\/v2\/posts\/54502\/revisions\/54504"}],"wp:featuredmedia":[{"embeddable":true,"href":"https:\/\/encuentroinformativo.com.mx\/index.php?rest_route=\/wp\/v2\/media\/54503"}],"wp:attachment":[{"href":"https:\/\/encuentroinformativo.com.mx\/index.php?rest_route=%2Fwp%2Fv2%2Fmedia&parent=54502"}],"wp:term":[{"taxonomy":"category","embeddable":true,"href":"https:\/\/encuentroinformativo.com.mx\/index.php?rest_route=%2Fwp%2Fv2%2Fcategories&post=54502"},{"taxonomy":"post_tag","embeddable":true,"href":"https:\/\/encuentroinformativo.com.mx\/index.php?rest_route=%2Fwp%2Fv2%2Ftags&post=54502"}],"curies":[{"name":"wp","href":"https:\/\/api.w.org\/{rel}","templated":true}]}}