{"id":54505,"date":"2024-05-16T01:17:19","date_gmt":"2024-05-16T07:17:19","guid":{"rendered":"https:\/\/encuentroinformativo.com.mx\/?p=54505"},"modified":"2024-05-16T01:17:23","modified_gmt":"2024-05-16T07:17:23","slug":"ayuntamiento-fincara-responsabilidades-por-derrumbe-de-muro-en-ruiz-cortines-alcalde","status":"publish","type":"post","link":"https:\/\/encuentroinformativo.com.mx\/?p=54505","title":{"rendered":"Ayuntamiento fincar\u00e1 responsabilidades por derrumbe de muro en Ruiz Cortines: Alcalde"},"content":{"rendered":"\n<p><strong>Dar\u00edo Pale <\/strong><\/p>\n\n\n\n<p>Xalapa, Ver.- El Ayuntamiento de Xalapa busca fincar responsabilidad legal contra un particular, esto por hacer caso omiso\u00a0a la Direcci\u00f3n de Desarrollo Urbano\u00a0y construir un muro de contenci\u00f3n introduciendo maquinaria pesada en un terreno de geograf\u00eda irregular en la avenida Adolfo Ruiz Cortines.<\/p>\n\n\n\n<p>El presidente municipal Ricardo Ahued Bardahuil dio a conocer la tarde de este mi\u00e9rcoles que el \u00e1rea jur\u00eddica del Ayuntamiento de Xalapa acompa\u00f1a a los propietarios de dos viviendas que se encuentran en riesgo de colapsar debido a que sin permisos introdujo un trascabo y se vino abajo parte de un talud.\u00a0<\/p>\n\n\n\n<p>Tanto Desarrollo Urbano y Protecci\u00f3n Civil hacen ya los dict\u00e1menes para fincar responsabilidades directas por un da\u00f1o a terceros, explic\u00f3.<\/p>\n\n\n\n<p>Dijo tambi\u00e9n que apoyar\u00e1 a quienes habitan las casas que quedaron en riesgo de derrumbarse:\u00a0<br>&#8220;Mientras este proceso legal fuera funcional, lo estamos atendiendo para tratar de ayudar en el traslado. Una persona quiz\u00e1 se tenga que trasladar a una casa. Para la mudanza y algunos gastos los voy a ayudar por parte de la autorizaci\u00f3n que me d\u00e9 Cabildo y desde luego la Comisi\u00f3n de Hacienda&#8221;, se\u00f1al\u00f3.<\/p>\n\n\n\n<p>Insisti\u00f3 en que no se puede hacer un muro sobre un talud sin permiso de la Direcci\u00f3n de Desarrollo Urbano y que es un terreno que debi\u00f3 tener los permisos adecuados para construcci\u00f3n.\u00a0<\/p>\n\n\n\n<p>&#8220;Lo hizo mal asesorado el due\u00f1o, la due\u00f1a y ahora tendr\u00e1 que sufrir las consecuencias de da\u00f1os a terceros. Estoy pidiendo autorizaci\u00f3n bajo dictamen para que afuera, no dentro, y las investigaciones que haga la Fiscal\u00eda, van de la mano para que haga una revisi\u00f3n con un dron la revisi\u00f3n del mismo y no alteremos nosotros los movimientos&#8221;, coment\u00f3.<\/p>\n\n\n\n<p>Precis\u00f3 que &#8220;s\u00f3lo que hubiera un riesgo mayor, el Ayuntamiento pedir\u00eda a la autoridad hacer un movimiento de talud, pero no ahorita&#8221;.<\/p>\n\n\n\n<p>Por \u00faltimo de igual forma expuso que en la banqueta podr\u00edan hacer una barrera para que si hay un escurrimiento en \u00e9poca de lluvia, no provoque un derrumbe que afecte a alg\u00fan peat\u00f3n o automovilista.<\/p>\n\n\n\n<figure class=\"wp-block-image size-large\"><img loading=\"lazy\" decoding=\"async\" width=\"768\" height=\"1024\" src=\"https:\/\/encuentroinformativo.com.mx\/wp-content\/uploads\/2024\/05\/IMG-20240515-WA0131-768x1024.jpg\" alt=\"\" class=\"wp-image-54507\" srcset=\"https:\/\/encuentroinformativo.com.mx\/wp-content\/uploads\/2024\/05\/IMG-20240515-WA0131-768x1024.jpg 768w, https:\/\/encuentroinformativo.com.mx\/wp-content\/uploads\/2024\/05\/IMG-20240515-WA0131-225x300.jpg 225w, https:\/\/encuentroinformativo.com.mx\/wp-content\/uploads\/2024\/05\/IMG-20240515-WA0131-1152x1536.jpg 1152w, https:\/\/encuentroinformativo.com.mx\/wp-content\/uploads\/2024\/05\/IMG-20240515-WA0131.jpg 1200w\" sizes=\"auto, (max-width: 768px) 100vw, 768px\" \/><\/figure>\n","protected":false},"excerpt":{"rendered":"<p>Dar\u00edo Pale Xalapa, Ver.- El Ayuntamiento de Xalapa busca fincar responsabilidad legal contra un particular, esto por hacer caso omiso\u00a0a la Direcci\u00f3n de Desarrollo Urbano\u00a0y construir un muro de contenci\u00f3n introduciendo maquinaria pesada en un terreno de geograf\u00eda irregular en la avenida Adolfo Ruiz Cortines. El presidente municipal Ricardo Ahued Bardahuil dio a conocer la [&hellip;]<\/p>\n","protected":false},"author":2476,"featured_media":54506,"comment_status":"open","ping_status":"open","sticky":false,"template":"","format":"standard","meta":{"_jetpack_memberships_contains_paid_content":false,"footnotes":""},"categories":[3],"tags":[],"class_list":["post-54505","post","type-post","status-publish","format-standard","has-post-thumbnail","hentry","category-xalapa"],"jetpack_featured_media_url":"https:\/\/encuentroinformativo.com.mx\/wp-content\/uploads\/2024\/05\/IMG-20240515-WA0130.jpg","jetpack_sharing_enabled":true,"jetpack_likes_enabled":true,"amp_enabled":true,"_links":{"self":[{"href":"https:\/\/encuentroinformativo.com.mx\/index.php?rest_route=\/wp\/v2\/posts\/54505","targetHints":{"allow":["GET"]}}],"collection":[{"href":"https:\/\/encuentroinformativo.com.mx\/index.php?rest_route=\/wp\/v2\/posts"}],"about":[{"href":"https:\/\/encuentroinformativo.com.mx\/index.php?rest_route=\/wp\/v2\/types\/post"}],"author":[{"embeddable":true,"href":"https:\/\/encuentroinformativo.com.mx\/index.php?rest_route=\/wp\/v2\/users\/2476"}],"replies":[{"embeddable":true,"href":"https:\/\/encuentroinformativo.com.mx\/index.php?rest_route=%2Fwp%2Fv2%2Fcomments&post=54505"}],"version-history":[{"count":1,"href":"https:\/\/encuentroinformativo.com.mx\/index.php?rest_route=\/wp\/v2\/posts\/54505\/revisions"}],"predecessor-version":[{"id":54508,"href":"https:\/\/encuentroinformativo.com.mx\/index.php?rest_route=\/wp\/v2\/posts\/54505\/revisions\/54508"}],"wp:featuredmedia":[{"embeddable":true,"href":"https:\/\/encuentroinformativo.com.mx\/index.php?rest_route=\/wp\/v2\/media\/54506"}],"wp:attachment":[{"href":"https:\/\/encuentroinformativo.com.mx\/index.php?rest_route=%2Fwp%2Fv2%2Fmedia&parent=54505"}],"wp:term":[{"taxonomy":"category","embeddable":true,"href":"https:\/\/encuentroinformativo.com.mx\/index.php?rest_route=%2Fwp%2Fv2%2Fcategories&post=54505"},{"taxonomy":"post_tag","embeddable":true,"href":"https:\/\/encuentroinformativo.com.mx\/index.php?rest_route=%2Fwp%2Fv2%2Ftags&post=54505"}],"curies":[{"name":"wp","href":"https:\/\/api.w.org\/{rel}","templated":true}]}}