{"id":54511,"date":"2024-05-16T10:27:05","date_gmt":"2024-05-16T16:27:05","guid":{"rendered":"https:\/\/encuentroinformativo.com.mx\/?p=54511"},"modified":"2024-05-16T10:27:11","modified_gmt":"2024-05-16T16:27:11","slug":"avances-en-el-caso-de-pareja-de-poza-rica-suman-10-los-detenidos-por-desaparicion","status":"publish","type":"post","link":"https:\/\/encuentroinformativo.com.mx\/?p=54511","title":{"rendered":"Avances en el caso de pareja de Poza Rica; suman 10 los detenidos por desaparici\u00f3n"},"content":{"rendered":"\n<p><strong>Redacci\u00f3n<\/strong><\/p>\n\n\n\n<p>Xalapa, Ver.- Elementos de la Unidad Especializada en Combate al Secuestro sede Tuxpan, en coordinaci\u00f3n con la Secretar\u00eda de Marina, lograron la detenci\u00f3n de Silverio Daniel N, alias \u201cEl Chivi\u201d y Felipe N alias \u201cEl Pelucho\u201d, presuntamente relacionados con la no localizaci\u00f3n de una pareja originaria de Poza Rica.<\/p>\n\n\n\n<p>Los hechos ocurrieron en un inmueble de la localidad Palma Sola, municipio de Coatzintla, donde tras un operativo de investigaci\u00f3n e inteligencia se origin\u00f3 un enfrentamiento que deriv\u00f3 en la aprehensi\u00f3n de los presuntos delincuentes, a quienes les fueron asegurados un arma larga y un veh\u00edculo.<\/p>\n\n\n\n<p>De esta manera, suman ya 10 detenidos por su probable participaci\u00f3n en la desaparici\u00f3n de Emma Luc\u00eda Bandala Herrera y Santiago Rodr\u00edguez Navarro, vistos por \u00faltima vez el pasado 8 de abril cuando acudieron a una cita para mostrar a un supuesto cliente la camioneta que pretend\u00edan vender.<\/p>\n\n\n\n<p>La Fiscal\u00eda General del Estado inform\u00f3 que, respetando sus derechos humanos y el debido proceso, los sujetos ser\u00e1n presentados ante el Juez de Control y Procedimiento Penal Oral para que defina su situaci\u00f3n jur\u00eddica, mientras fiscales, peritos y polic\u00edas ministeriales realizan las investigaciones a partir de los indicios encontrados en el inmueble.<\/p>\n","protected":false},"excerpt":{"rendered":"<p>Redacci\u00f3n Xalapa, Ver.- Elementos de la Unidad Especializada en Combate al Secuestro sede Tuxpan, en coordinaci\u00f3n con la Secretar\u00eda de Marina, lograron la detenci\u00f3n de Silverio Daniel N, alias \u201cEl Chivi\u201d y Felipe N alias \u201cEl Pelucho\u201d, presuntamente relacionados con la no localizaci\u00f3n de una pareja originaria de Poza Rica. Los hechos ocurrieron en un [&hellip;]<\/p>\n","protected":false},"author":2476,"featured_media":54512,"comment_status":"open","ping_status":"open","sticky":false,"template":"","format":"standard","meta":{"_jetpack_memberships_contains_paid_content":false,"footnotes":""},"categories":[14],"tags":[],"class_list":["post-54511","post","type-post","status-publish","format-standard","has-post-thumbnail","hentry","category-policiaca"],"jetpack_featured_media_url":"https:\/\/encuentroinformativo.com.mx\/wp-content\/uploads\/2024\/05\/IMG-20240516-WA0018.jpg","jetpack_sharing_enabled":true,"jetpack_likes_enabled":true,"amp_enabled":true,"_links":{"self":[{"href":"https:\/\/encuentroinformativo.com.mx\/index.php?rest_route=\/wp\/v2\/posts\/54511","targetHints":{"allow":["GET"]}}],"collection":[{"href":"https:\/\/encuentroinformativo.com.mx\/index.php?rest_route=\/wp\/v2\/posts"}],"about":[{"href":"https:\/\/encuentroinformativo.com.mx\/index.php?rest_route=\/wp\/v2\/types\/post"}],"author":[{"embeddable":true,"href":"https:\/\/encuentroinformativo.com.mx\/index.php?rest_route=\/wp\/v2\/users\/2476"}],"replies":[{"embeddable":true,"href":"https:\/\/encuentroinformativo.com.mx\/index.php?rest_route=%2Fwp%2Fv2%2Fcomments&post=54511"}],"version-history":[{"count":1,"href":"https:\/\/encuentroinformativo.com.mx\/index.php?rest_route=\/wp\/v2\/posts\/54511\/revisions"}],"predecessor-version":[{"id":54513,"href":"https:\/\/encuentroinformativo.com.mx\/index.php?rest_route=\/wp\/v2\/posts\/54511\/revisions\/54513"}],"wp:featuredmedia":[{"embeddable":true,"href":"https:\/\/encuentroinformativo.com.mx\/index.php?rest_route=\/wp\/v2\/media\/54512"}],"wp:attachment":[{"href":"https:\/\/encuentroinformativo.com.mx\/index.php?rest_route=%2Fwp%2Fv2%2Fmedia&parent=54511"}],"wp:term":[{"taxonomy":"category","embeddable":true,"href":"https:\/\/encuentroinformativo.com.mx\/index.php?rest_route=%2Fwp%2Fv2%2Fcategories&post=54511"},{"taxonomy":"post_tag","embeddable":true,"href":"https:\/\/encuentroinformativo.com.mx\/index.php?rest_route=%2Fwp%2Fv2%2Ftags&post=54511"}],"curies":[{"name":"wp","href":"https:\/\/api.w.org\/{rel}","templated":true}]}}