{"id":54521,"date":"2024-05-16T14:07:01","date_gmt":"2024-05-16T20:07:01","guid":{"rendered":"https:\/\/encuentroinformativo.com.mx\/?p=54521"},"modified":"2024-05-16T14:07:06","modified_gmt":"2024-05-16T20:07:06","slug":"denuncian-ante-fiscalia-a-mujer-por-intentar-agresion-contra-estudiantes-de-telesecundaria","status":"publish","type":"post","link":"https:\/\/encuentroinformativo.com.mx\/?p=54521","title":{"rendered":"Denuncian ante Fiscal\u00eda a mujer por intentar agresi\u00f3n contra estudiantes de telesecundaria"},"content":{"rendered":"\n<p><strong>Alejandro \u00c1vila<\/strong><\/p>\n\n\n\n<p>Veracruz, Ver.- Padres de Familia de la Telesecundaria &#8220;Mariano Abasolo&#8221; en Boca del R\u00edo, se manifestaron la ma\u00f1ana de este jueves en el z\u00f3calo de la ciudad de Veracruz, y se\u00f1alaron que denunciaron ante la Fiscal\u00eda de Veracruz a una madre de familia que intenta agredir f\u00edsicamente a algunos estudiantes.<\/p>\n\n\n\n<p>Los quejosos se\u00f1alaron a Mar\u00eda de Los \u00c1ngeles L\u00f3pez Correa, ex Tesorera del Comit\u00e9 Escolar de hacer mal uso de los fondos de la instituci\u00f3n educativa, motivo por el cual decidieron cambiar la directiva de padres de familia, situaci\u00f3n que le molest\u00f3 en demas\u00eda a la se\u00f1ora y ha intentado tomar represalias en contra de los estudiantes.<\/p>\n\n\n\n<p>&#8220;Ella era tesorera, de la cual hizo mal manejo de los fondos de la escuela, dej\u00f3 a la escuela en ceros, cuando hicimos el cambio de Comit\u00e9 lo que quer\u00edamos era que la se\u00f1ora saliera porque ya no quer\u00edamos tener conflictos con ella, inclusive no se demand\u00f3 porque ya no quer\u00edamos tener problemas con ella, pero la se\u00f1ora sigue insultando a nuestros hijos, amenaz\u00e1ndolos, agredi\u00e9ndolos, inclusive la he tirado la camioneta encima los ni\u00f1os, si estamos afuera, tomamos la medida de estar afuera de la escuela desde las 8 de la ma\u00f1ana hasta las 2 de la tarde, porque tememos por la seguridad e integridad de nuestros hijos, varios padres de familia estamos afuera haciendo guardia porque ya no la aguantamos&#8221;, declar\u00f3 Adelaida Lara Rivera, presidenta de la Asociaci\u00f3n de Padres de Familia.<\/p>\n\n\n\n<p>Los manifestantes solicitaron que se busque otro tutor para su hijo, con la finalidad de que la se\u00f1ora antes mencionada no vuelva a pisar la instituci\u00f3n educativa y as\u00ed evitar un incidente mayor en contra de los estudiantes.<\/p>\n","protected":false},"excerpt":{"rendered":"<p>Alejandro \u00c1vila Veracruz, Ver.- Padres de Familia de la Telesecundaria &#8220;Mariano Abasolo&#8221; en Boca del R\u00edo, se manifestaron la ma\u00f1ana de este jueves en el z\u00f3calo de la ciudad de Veracruz, y se\u00f1alaron que denunciaron ante la Fiscal\u00eda de Veracruz a una madre de familia que intenta agredir f\u00edsicamente a algunos estudiantes. Los quejosos se\u00f1alaron [&hellip;]<\/p>\n","protected":false},"author":2476,"featured_media":54522,"comment_status":"open","ping_status":"open","sticky":false,"template":"","format":"standard","meta":{"_jetpack_memberships_contains_paid_content":false,"footnotes":""},"categories":[2],"tags":[],"class_list":["post-54521","post","type-post","status-publish","format-standard","has-post-thumbnail","hentry","category-estado"],"jetpack_featured_media_url":"https:\/\/encuentroinformativo.com.mx\/wp-content\/uploads\/2024\/05\/IMG-20240516-WA0055.jpg","jetpack_sharing_enabled":true,"jetpack_likes_enabled":true,"amp_enabled":true,"_links":{"self":[{"href":"https:\/\/encuentroinformativo.com.mx\/index.php?rest_route=\/wp\/v2\/posts\/54521","targetHints":{"allow":["GET"]}}],"collection":[{"href":"https:\/\/encuentroinformativo.com.mx\/index.php?rest_route=\/wp\/v2\/posts"}],"about":[{"href":"https:\/\/encuentroinformativo.com.mx\/index.php?rest_route=\/wp\/v2\/types\/post"}],"author":[{"embeddable":true,"href":"https:\/\/encuentroinformativo.com.mx\/index.php?rest_route=\/wp\/v2\/users\/2476"}],"replies":[{"embeddable":true,"href":"https:\/\/encuentroinformativo.com.mx\/index.php?rest_route=%2Fwp%2Fv2%2Fcomments&post=54521"}],"version-history":[{"count":1,"href":"https:\/\/encuentroinformativo.com.mx\/index.php?rest_route=\/wp\/v2\/posts\/54521\/revisions"}],"predecessor-version":[{"id":54523,"href":"https:\/\/encuentroinformativo.com.mx\/index.php?rest_route=\/wp\/v2\/posts\/54521\/revisions\/54523"}],"wp:featuredmedia":[{"embeddable":true,"href":"https:\/\/encuentroinformativo.com.mx\/index.php?rest_route=\/wp\/v2\/media\/54522"}],"wp:attachment":[{"href":"https:\/\/encuentroinformativo.com.mx\/index.php?rest_route=%2Fwp%2Fv2%2Fmedia&parent=54521"}],"wp:term":[{"taxonomy":"category","embeddable":true,"href":"https:\/\/encuentroinformativo.com.mx\/index.php?rest_route=%2Fwp%2Fv2%2Fcategories&post=54521"},{"taxonomy":"post_tag","embeddable":true,"href":"https:\/\/encuentroinformativo.com.mx\/index.php?rest_route=%2Fwp%2Fv2%2Ftags&post=54521"}],"curies":[{"name":"wp","href":"https:\/\/api.w.org\/{rel}","templated":true}]}}