{"id":54528,"date":"2024-05-16T15:38:40","date_gmt":"2024-05-16T21:38:40","guid":{"rendered":"https:\/\/encuentroinformativo.com.mx\/?p=54528"},"modified":"2024-05-16T15:38:46","modified_gmt":"2024-05-16T21:38:46","slug":"cce-citara-a-grupo-mas-por-desabasto-de-agua","status":"publish","type":"post","link":"https:\/\/encuentroinformativo.com.mx\/?p=54528","title":{"rendered":"CCE citar\u00e1 a Grupo MAS por desabasto de agua"},"content":{"rendered":"\n<p><strong>Alejandro \u00c1vila<\/strong><\/p>\n\n\n\n<p>Veracruz, Ver.- El presidente del Consejo Coordinador Empresarial (CCE) de Veracruz, Edy Alberto Mart\u00ednez Tejeda, mencion\u00f3 que citar\u00e1n a la empresa Grupo MAS, para que informe sobre el desabasto de agua en la ciudad y puntualice cuales son las formas en que esto se podr\u00eda solucionar.<\/p>\n\n\n\n<p>El empresario record\u00f3 que esta situaci\u00f3n de desabasto de agua se desat\u00f3 tras la negativa del Ayuntamiento de Medell\u00edn de Bravo para aceptar el proyecto de extracci\u00f3n de agua desde el R\u00edo Cotaxtla, ya que por presuntos temas pol\u00edticos, el alcalde de Medell\u00edn con licencia, Marcos Isle\u00f1o Andrade, Se neg\u00f3 A autorizar que la obra se realizaron los l\u00edmites del municipio que presid\u00eda.<\/p>\n\n\n\n<p>&#8220;Pareciera ser que la culpa solamente la tiene el Ayuntamiento, la realidad es que s\u00ed hubo, como bien sabemos todos nosotros, hubo un impedimento en su momento por parte del Ayuntamiento, de alcalde, pero tambi\u00e9n es cierto que el Grupo MAS tiene que darle mantenimiento a sus instalaciones, y por ah\u00ed tenemos reportes de que obviamente a los c\u00e1rcamos les falta mantenimiento, entonces creo que tambi\u00e9n eso es importante, hacer un llamado a Grupo MAS y sobre todo, tambi\u00e9n, yo desconozco con que periodo se tienen que hacer algunos mantenimientos a las plantas y dem\u00e1s, pero me parece que en esa temporada tendr\u00eda que haber plantas de repuesto para que si a algunas bombas se les da mantenimiento, pues que tengan otras que est\u00e9n en lo que ese mantenimiento se lleve a cabo&#8221;, apunt\u00f3.<\/p>\n\n\n\n<p>El empresario aclar\u00f3 que en su momento solicitaron una reuni\u00f3n con el alcalde de Medell\u00edn de Bravo, Marcos Isle\u00f1o Andrade, para tratar de ser intermediarios y ayudar a que el proyecto de una tercera toma del R\u00edo Cotaxtla a la planta potabilizadora en El Tejar se llevar\u00e1 a cabo; sin embargo este se neg\u00f3 a acudir a la cita.<\/p>\n","protected":false},"excerpt":{"rendered":"<p>Alejandro \u00c1vila Veracruz, Ver.- El presidente del Consejo Coordinador Empresarial (CCE) de Veracruz, Edy Alberto Mart\u00ednez Tejeda, mencion\u00f3 que citar\u00e1n a la empresa Grupo MAS, para que informe sobre el desabasto de agua en la ciudad y puntualice cuales son las formas en que esto se podr\u00eda solucionar. El empresario record\u00f3 que esta situaci\u00f3n de [&hellip;]<\/p>\n","protected":false},"author":2476,"featured_media":54529,"comment_status":"open","ping_status":"open","sticky":false,"template":"","format":"standard","meta":{"_jetpack_memberships_contains_paid_content":false,"footnotes":""},"categories":[2],"tags":[],"class_list":["post-54528","post","type-post","status-publish","format-standard","has-post-thumbnail","hentry","category-estado"],"jetpack_featured_media_url":"https:\/\/encuentroinformativo.com.mx\/wp-content\/uploads\/2024\/05\/IMG-20240516-WA00572.jpg","jetpack_sharing_enabled":true,"jetpack_likes_enabled":true,"amp_enabled":true,"_links":{"self":[{"href":"https:\/\/encuentroinformativo.com.mx\/index.php?rest_route=\/wp\/v2\/posts\/54528","targetHints":{"allow":["GET"]}}],"collection":[{"href":"https:\/\/encuentroinformativo.com.mx\/index.php?rest_route=\/wp\/v2\/posts"}],"about":[{"href":"https:\/\/encuentroinformativo.com.mx\/index.php?rest_route=\/wp\/v2\/types\/post"}],"author":[{"embeddable":true,"href":"https:\/\/encuentroinformativo.com.mx\/index.php?rest_route=\/wp\/v2\/users\/2476"}],"replies":[{"embeddable":true,"href":"https:\/\/encuentroinformativo.com.mx\/index.php?rest_route=%2Fwp%2Fv2%2Fcomments&post=54528"}],"version-history":[{"count":1,"href":"https:\/\/encuentroinformativo.com.mx\/index.php?rest_route=\/wp\/v2\/posts\/54528\/revisions"}],"predecessor-version":[{"id":54530,"href":"https:\/\/encuentroinformativo.com.mx\/index.php?rest_route=\/wp\/v2\/posts\/54528\/revisions\/54530"}],"wp:featuredmedia":[{"embeddable":true,"href":"https:\/\/encuentroinformativo.com.mx\/index.php?rest_route=\/wp\/v2\/media\/54529"}],"wp:attachment":[{"href":"https:\/\/encuentroinformativo.com.mx\/index.php?rest_route=%2Fwp%2Fv2%2Fmedia&parent=54528"}],"wp:term":[{"taxonomy":"category","embeddable":true,"href":"https:\/\/encuentroinformativo.com.mx\/index.php?rest_route=%2Fwp%2Fv2%2Fcategories&post=54528"},{"taxonomy":"post_tag","embeddable":true,"href":"https:\/\/encuentroinformativo.com.mx\/index.php?rest_route=%2Fwp%2Fv2%2Ftags&post=54528"}],"curies":[{"name":"wp","href":"https:\/\/api.w.org\/{rel}","templated":true}]}}