{"id":5453,"date":"2020-09-02T09:51:27","date_gmt":"2020-09-02T14:51:27","guid":{"rendered":"https:\/\/encuentroinformativo.com\/?p=5453"},"modified":"2020-09-02T09:51:30","modified_gmt":"2020-09-02T14:51:30","slug":"el-seguro-del-maestro","status":"publish","type":"post","link":"https:\/\/encuentroinformativo.com.mx\/?p=5453","title":{"rendered":"El seguro del maestro"},"content":{"rendered":"\n<p><strong>Los Pol\u00edticos<\/strong>\u00a0<\/p>\n\n\n\n<p><strong>Salvador Mu\u00f1oz<\/strong><br><\/p>\n\n\n\n<p>Las condiciones no est\u00e1n para dejar pasar por alto cualquier detalle\u2026 si usted es maestro, actualice sus datos pues todos los educadores, sean federales y estatales, incluyendo administrativos de la secretar\u00eda de Educaci\u00f3n de Veracruz, desde noviembre del a\u00f1o pasado, cuentan con un nuevo seguro de vida institucional que hay que poner al corriente. De ello platica Ariadna Selene Aguilar Amaya, oficial mayor de la SEV, quien explica que antes, s\u00f3lo se contaba con una p\u00f3liza de seguro de vida para maestros federales, \u201cnos dimos a la tarea de revisar cu\u00e1les eran las principales quejas que ten\u00edan los maestros y los administrativos y entre ellas siempre estaba esta seguridad social.<\/p>\n\n\n\n<p>Revisamos las p\u00f3lizas, vimos que la problem\u00e1tica era que s\u00f3lo se cubr\u00eda el federal, pero el estatal no\u201d.<\/p>\n\n\n\n<p>Ante esta situaci\u00f3n, cuenta Aguilar Amaya, se hizo una reevaluaci\u00f3n financiera que permiti\u00f3 proyectar una renovaci\u00f3n del Seguro de Vida, no s\u00f3lo que alcanzara a los maestros estatales, sino que tambi\u00e9n les brindara mayores beneficios. La propuesta se hizo al secretario de Educaci\u00f3n, Zenyazen Escobar Garc\u00eda; al Gobernador Cuitl\u00e1huac Garc\u00eda as\u00ed como al secretario de Finanzas, Jos\u00e9 Luis Lima Franco, quienes al conocer el proyecto, dieron luz verde.<\/p>\n\n\n\n<p>La p\u00f3liza que se ven\u00eda arrastrando desde administraciones anteriores cubr\u00eda 40 meses de salario del trabajador; entonces, se dieron a la tarea de buscar otras aseguradoras que pudieran ofrecer al Maestro mejores condiciones, y \u00e9ste fue el caso de GNP Seguros.<\/p>\n\n\n\n<p>\u00bfY en qu\u00e9 consisten los beneficios?<\/p>\n\n\n\n<p>Hay cobertura de siniestros as\u00ed como anticipo de la suma asegurada por enfermedades terminales; agregue doble indemnizaci\u00f3n por muerte accidental y que el tiempo m\u00e1ximo de pago de siniestros (una vez documentado el expediente correctamente), es de 15 d\u00edas h\u00e1biles, adem\u00e1s de transparencia y rendici\u00f3n de cuentas.<\/p>\n\n\n\n<p>Otro beneficio es que \u201ccubren hasta 55 meses de salario y la oportunidad de que el trabajador que quiera ampliarlo, pueda llegar hasta 123 meses de salario. Opciones hay, ser\u00e1 decisi\u00f3n de ellos elegirlas o no, pero la SEV hoy les ofrece los 55 meses\u201d. Adem\u00e1s de ello, hay 25 mil pesos que cubrir\u00edan gastos funerarios de manera inmediata.<\/p>\n\n\n\n<p>\u201cEntonces, desde noviembre del 2019, tanto maestros federales como estatales, as\u00ed como administrativos, personal de apoyo con plaza, ya tienen Seguro de Vida Institucional\u201d.<\/p>\n\n\n\n<p>S\u00f3lo para que se d\u00e9 una idea, en la SEV hay alrededor de 137 mil trabajadores los que cuentan con este seguro\u2026 o que tienen que actualizarlo.<\/p>\n\n\n\n<p>Y para eso, dice Aguilar Amaya, el Gobernador pidi\u00f3 que, ante la pandemia, se revisara las p\u00f3lizas y pagaran en tiempo, cubrir los pagos, pero lo m\u00e1s importante, que los maestros actualicen sus datos, sus beneficiarios, \u201cen respuesta a esto, se ubicaron varias sedes para poder realizar el cambio de beneficiarios o en su defecto, poderlos registrar. As\u00ed se le facilita al maestro d\u00e1ndole todas las opciones para que pueda hacerlo de manera m\u00e1s r\u00e1pida\u201d.<\/p>\n\n\n\n<p>Explica que en el sitio oficial de la Secretar\u00eda, hay un apartado especial para actualizar a los beneficiarios y ya con esta p\u00f3liza actualizada, se puede imprimir, se firma, y se entrega con acuse de recibo en las oficinas de la SEV o en las 12 delegaciones regionales. \u201cLa idea de hacerlo desde casa es para tratar a lo m\u00e1ximo evitar los riesgos de contagio\u201d.<\/p>\n\n\n\n<p>La Oficial Mayor comenta que piden a los maestros la actualizaci\u00f3n, aunque si por cualquier circunstancia no lo hicieran, y ocurriera un desenlace, \u201ceso no implica que no tengan derecho al seguro\u2026 s\u00ed lo tendr\u00e1n, pero tendremos que hacer una revisi\u00f3n de cu\u00e1les fueron los \u00faltimos beneficiarios que pusieron y el tr\u00e1mite es m\u00e1s tardado\u201d.<\/p>\n\n\n\n<p>Para cualquier duda, est\u00e1n los tel\u00e9fonos 2288417700 con extensiones para el sistema federal 7228 y 7035 y para el estatal, 7086 y 7071. \u201cSe van a habilitar m\u00e1s l\u00edneas porque la demanda ha sido importante; se les pide a los maestros tengan paciencia si van a hacer una consulta telef\u00f3nica, pero de preferencia, revisen <strong>el tutorial<\/strong> que les indica paso a paso lo que se tiene que hacer\u201d. \u00c9ste se encuentra en las redes de la secretar\u00eda, incluso, en la de la Oficial Mayor.<\/p>\n\n\n\n<p>Si bien, desde noviembre de 2019 ya se pod\u00eda hacer este procedimiento, los maestros apenas se est\u00e1n enterando; por ello, la SEV pide su colaboraci\u00f3n y que tomen en cuenta, que las condiciones por la emergencia sanitaria no permiten pasar por alto este tr\u00e1mite. Por cierto, el seguro de vida cubre por muerte por accidente o por enfermedad. Si bien, nadie espera que se haga efectivo el Seguro, se trata de que cada maestro cuide a su familia como la SEV busca cuidarlo a \u00e9l\u2026 \u201cNo s\u00e9 c\u00f3mo se trabajaba en las anteriores administraciones pero hoy, se trata de dar las mejores condiciones a los maestros\u201d.<br><\/p>\n\n\n\n<p><a href=\"mailto:smcainito@gmail.com\" target=\"_blank\" rel=\"noreferrer noopener\">smcainito@gmail.com<\/a><\/p>\n","protected":false},"excerpt":{"rendered":"<p>Los Pol\u00edticos\u00a0 Salvador Mu\u00f1oz Las condiciones no est\u00e1n para dejar pasar por alto cualquier detalle\u2026 si usted es maestro, actualice sus datos pues todos los educadores, sean federales y estatales, incluyendo administrativos de la secretar\u00eda de Educaci\u00f3n de Veracruz, desde noviembre del a\u00f1o pasado, cuentan con un nuevo seguro de vida institucional que hay que [&hellip;]<\/p>\n","protected":false},"author":1,"featured_media":387,"comment_status":"open","ping_status":"open","sticky":false,"template":"","format":"standard","meta":{"_jetpack_memberships_contains_paid_content":false,"footnotes":""},"categories":[11],"tags":[],"class_list":["post-5453","post","type-post","status-publish","format-standard","has-post-thumbnail","hentry","category-opinion"],"jetpack_featured_media_url":"https:\/\/encuentroinformativo.com.mx\/wp-content\/uploads\/2020\/03\/7CF8A22B-2764-47BE-8F7F-38FE9E5D6A2F.jpeg","jetpack_sharing_enabled":true,"jetpack_likes_enabled":true,"amp_enabled":true,"_links":{"self":[{"href":"https:\/\/encuentroinformativo.com.mx\/index.php?rest_route=\/wp\/v2\/posts\/5453","targetHints":{"allow":["GET"]}}],"collection":[{"href":"https:\/\/encuentroinformativo.com.mx\/index.php?rest_route=\/wp\/v2\/posts"}],"about":[{"href":"https:\/\/encuentroinformativo.com.mx\/index.php?rest_route=\/wp\/v2\/types\/post"}],"author":[{"embeddable":true,"href":"https:\/\/encuentroinformativo.com.mx\/index.php?rest_route=\/wp\/v2\/users\/1"}],"replies":[{"embeddable":true,"href":"https:\/\/encuentroinformativo.com.mx\/index.php?rest_route=%2Fwp%2Fv2%2Fcomments&post=5453"}],"version-history":[{"count":1,"href":"https:\/\/encuentroinformativo.com.mx\/index.php?rest_route=\/wp\/v2\/posts\/5453\/revisions"}],"predecessor-version":[{"id":5454,"href":"https:\/\/encuentroinformativo.com.mx\/index.php?rest_route=\/wp\/v2\/posts\/5453\/revisions\/5454"}],"wp:featuredmedia":[{"embeddable":true,"href":"https:\/\/encuentroinformativo.com.mx\/index.php?rest_route=\/wp\/v2\/media\/387"}],"wp:attachment":[{"href":"https:\/\/encuentroinformativo.com.mx\/index.php?rest_route=%2Fwp%2Fv2%2Fmedia&parent=5453"}],"wp:term":[{"taxonomy":"category","embeddable":true,"href":"https:\/\/encuentroinformativo.com.mx\/index.php?rest_route=%2Fwp%2Fv2%2Fcategories&post=5453"},{"taxonomy":"post_tag","embeddable":true,"href":"https:\/\/encuentroinformativo.com.mx\/index.php?rest_route=%2Fwp%2Fv2%2Ftags&post=5453"}],"curies":[{"name":"wp","href":"https:\/\/api.w.org\/{rel}","templated":true}]}}