{"id":54531,"date":"2024-05-16T15:42:26","date_gmt":"2024-05-16T21:42:26","guid":{"rendered":"https:\/\/encuentroinformativo.com.mx\/?p=54531"},"modified":"2024-05-16T15:42:32","modified_gmt":"2024-05-16T21:42:32","slug":"invita-senador-a-la-marcha-en-favor-de-xochitl-galvez","status":"publish","type":"post","link":"https:\/\/encuentroinformativo.com.mx\/?p=54531","title":{"rendered":"Invita Senador a la marcha en favor de X\u00f3chitl G\u00e1lvez"},"content":{"rendered":"\n<p><strong>Alejandro \u00c1vila<\/strong><\/p>\n\n\n\n<p>Veracruz, Ver.- En el pleno del Senado de la Rep\u00fablica, el legislador veracruzano, Julen Rementer\u00eda del Puertoz invit\u00f3 a la ciudadan\u00eda en general a acudir el pr\u00f3ximo domingo 19 de mayo a la marcha en la Ciudad de M\u00e9xico, en favor de la candidata de la alianza &#8220;Fuerza y Coraz\u00f3n por M\u00e9xico&#8221;, X\u00f3chitl G\u00e1lvez Ruiz.<\/p>\n\n\n\n<p>El coordinador del grupo parlamentario del PAN en el Senado, agreg\u00f3 que todo mexicano libre que este cansado de las mentiras y traiciones de la Cuarta Transformaci\u00f3n, ser\u00e1 bienvenido en la marcha que se realizar\u00e1 por las principales calles de la Ciudad de M\u00e9xico.<\/p>\n\n\n\n<p>&#8220;Este 19 de mayo habr\u00e1 una concentraci\u00f3n masiva como nunca en este pa\u00eds, invitamos a todos los ciudadanos de M\u00e9xico, libres, que no quieren este desastre de gobierno, que no quieren ese segundo piso de mentiras, de traiciones, lo que estamos es realmente convocando a que aquellos que quieran que este pa\u00eds tenga realmente otro camino, que se logre el bien posible, que vaya, que asista en libertad, que en absoluta calma, a apoyar a la marcha y con ello a quien va a ser la pr\u00f3xima presidenta de M\u00e9xico, X\u00f3chitl G\u00e1lvez Ruiz&#8221;<\/p>\n\n\n\n<p>Finalmente, dijo que la marcha llegar\u00e1 hasta el Centro Cultural Tlatelolco, donde se llevar\u00e1 a cabo el tercer y \u00faltimo debate rumbo a la presidencia de M\u00e9xico, mismo que iniciar\u00e1 a las 20 horas; en dicho debate se tocar\u00e1n temas cruciales de la agenda presidencial como, la inseguridad y el crimen organizado.<\/p>\n","protected":false},"excerpt":{"rendered":"<p>Alejandro \u00c1vila Veracruz, Ver.- En el pleno del Senado de la Rep\u00fablica, el legislador veracruzano, Julen Rementer\u00eda del Puertoz invit\u00f3 a la ciudadan\u00eda en general a acudir el pr\u00f3ximo domingo 19 de mayo a la marcha en la Ciudad de M\u00e9xico, en favor de la candidata de la alianza &#8220;Fuerza y Coraz\u00f3n por M\u00e9xico&#8221;, X\u00f3chitl [&hellip;]<\/p>\n","protected":false},"author":2476,"featured_media":54532,"comment_status":"open","ping_status":"open","sticky":false,"template":"","format":"standard","meta":{"_jetpack_memberships_contains_paid_content":false,"footnotes":""},"categories":[12],"tags":[],"class_list":["post-54531","post","type-post","status-publish","format-standard","has-post-thumbnail","hentry","category-nacional"],"jetpack_featured_media_url":"https:\/\/encuentroinformativo.com.mx\/wp-content\/uploads\/2024\/05\/IMG-20240516-WA01032.jpg","jetpack_sharing_enabled":true,"jetpack_likes_enabled":true,"amp_enabled":true,"_links":{"self":[{"href":"https:\/\/encuentroinformativo.com.mx\/index.php?rest_route=\/wp\/v2\/posts\/54531","targetHints":{"allow":["GET"]}}],"collection":[{"href":"https:\/\/encuentroinformativo.com.mx\/index.php?rest_route=\/wp\/v2\/posts"}],"about":[{"href":"https:\/\/encuentroinformativo.com.mx\/index.php?rest_route=\/wp\/v2\/types\/post"}],"author":[{"embeddable":true,"href":"https:\/\/encuentroinformativo.com.mx\/index.php?rest_route=\/wp\/v2\/users\/2476"}],"replies":[{"embeddable":true,"href":"https:\/\/encuentroinformativo.com.mx\/index.php?rest_route=%2Fwp%2Fv2%2Fcomments&post=54531"}],"version-history":[{"count":1,"href":"https:\/\/encuentroinformativo.com.mx\/index.php?rest_route=\/wp\/v2\/posts\/54531\/revisions"}],"predecessor-version":[{"id":54533,"href":"https:\/\/encuentroinformativo.com.mx\/index.php?rest_route=\/wp\/v2\/posts\/54531\/revisions\/54533"}],"wp:featuredmedia":[{"embeddable":true,"href":"https:\/\/encuentroinformativo.com.mx\/index.php?rest_route=\/wp\/v2\/media\/54532"}],"wp:attachment":[{"href":"https:\/\/encuentroinformativo.com.mx\/index.php?rest_route=%2Fwp%2Fv2%2Fmedia&parent=54531"}],"wp:term":[{"taxonomy":"category","embeddable":true,"href":"https:\/\/encuentroinformativo.com.mx\/index.php?rest_route=%2Fwp%2Fv2%2Fcategories&post=54531"},{"taxonomy":"post_tag","embeddable":true,"href":"https:\/\/encuentroinformativo.com.mx\/index.php?rest_route=%2Fwp%2Fv2%2Ftags&post=54531"}],"curies":[{"name":"wp","href":"https:\/\/api.w.org\/{rel}","templated":true}]}}