{"id":54534,"date":"2024-05-16T15:45:18","date_gmt":"2024-05-16T21:45:18","guid":{"rendered":"https:\/\/encuentroinformativo.com.mx\/?p=54534"},"modified":"2024-05-16T15:45:25","modified_gmt":"2024-05-16T21:45:25","slug":"exitosa-activacion-de-la-region-primeros-pasos-de-cortes-en-cdmx","status":"publish","type":"post","link":"https:\/\/encuentroinformativo.com.mx\/?p=54534","title":{"rendered":"Exitosa activaci\u00f3n de la regi\u00f3n Primeros Pasos de Cort\u00e9s en CDMX"},"content":{"rendered":"\n<p><strong>Alejandro \u00c1vila<\/strong><\/p>\n\n\n\n<p>Veracruz, Ver.- La regi\u00f3n Primeros Pasos de Cort\u00e9s fue difundida con \u00e9xito en la Ciudad de M\u00e9xico, dio a conocer la Asociaci\u00f3n de Hoteles y Moteles de Veracruz.<\/p>\n\n\n\n<p>Esta iniciativa esta destinada a mostrar las maravillas que Veracruz tiene para ofrecer a los operadores y agentes de viaje de la Ciudad de M\u00e9xico.<\/p>\n\n\n\n<p>El evento fue encabezado por el presidente de la Asociaci\u00f3n, C\u00e9sar Alfonso Mu\u00f1iz Cuervo, cont\u00f3 con la participaci\u00f3n del Secretario de Turismo de Veracruz, Iv\u00e1n Mart\u00ednez Olvera, y el presidente de la Asociaci\u00f3n de Restauranteros de Boca del R\u00edo, Lorenzo Montalvo, as\u00ed como con la asistencia de diversos hoteleros miembros de esta asociaci\u00f3n.<\/p>\n\n\n\n<p>La activaci\u00f3n de la Regi\u00f3n Primeros Pasos de Cortes no solo permiti\u00f3 mostrar las bellezas naturales y culturales de Veracruz, sino que tambi\u00e9n sirvi\u00f3 como una oportunidad para anunciar los pr\u00f3ximos eventos que tendr\u00e1n lugar en la regi\u00f3n. Entre ellos, destaca el Salsa Fest 2024, el evento m\u00e1s importante de su g\u00e9nero en Latinoam\u00e9rica, que se llevar\u00e1 a cabo del 13 al 15 de junio en el sals\u00f3dromo de Boca del R\u00edo. Este festival promete ser una experiencia \u00fanica para los amantes de la m\u00fasica y la danza, y se esperan visitantes de todo el pa\u00eds e inclusive de nivel internacional.<\/p>\n\n\n\n<p>As\u00ed mismo se promocion\u00f3 la edici\u00f3n n\u00famero 100 del Carnaval de Veracruz que se celebrar\u00e1 del 27 de junio al 2 de julio, donde se tendr\u00e1 a Yuri como la m\u00e1xima soberana de estas fiestas.<\/p>\n\n\n\n<p>La Asociaci\u00f3n Mexicana de Hoteles y Moteles Veracruz Boca del R\u00edo continuar\u00e1 promoviendo estas acciones que buscan no solo incentivar el turismo en la regi\u00f3n, sino tambi\u00e9n resaltar la riqueza cultural y natural que Veracruz tiene para ofrecer.<\/p>\n","protected":false},"excerpt":{"rendered":"<p>Alejandro \u00c1vila Veracruz, Ver.- La regi\u00f3n Primeros Pasos de Cort\u00e9s fue difundida con \u00e9xito en la Ciudad de M\u00e9xico, dio a conocer la Asociaci\u00f3n de Hoteles y Moteles de Veracruz. Esta iniciativa esta destinada a mostrar las maravillas que Veracruz tiene para ofrecer a los operadores y agentes de viaje de la Ciudad de M\u00e9xico. [&hellip;]<\/p>\n","protected":false},"author":2476,"featured_media":54535,"comment_status":"open","ping_status":"open","sticky":false,"template":"","format":"standard","meta":{"_jetpack_memberships_contains_paid_content":false,"footnotes":""},"categories":[2],"tags":[],"class_list":["post-54534","post","type-post","status-publish","format-standard","has-post-thumbnail","hentry","category-estado"],"jetpack_featured_media_url":"https:\/\/encuentroinformativo.com.mx\/wp-content\/uploads\/2024\/05\/IMG-20240516-WA00952.jpg","jetpack_sharing_enabled":true,"jetpack_likes_enabled":true,"amp_enabled":true,"_links":{"self":[{"href":"https:\/\/encuentroinformativo.com.mx\/index.php?rest_route=\/wp\/v2\/posts\/54534","targetHints":{"allow":["GET"]}}],"collection":[{"href":"https:\/\/encuentroinformativo.com.mx\/index.php?rest_route=\/wp\/v2\/posts"}],"about":[{"href":"https:\/\/encuentroinformativo.com.mx\/index.php?rest_route=\/wp\/v2\/types\/post"}],"author":[{"embeddable":true,"href":"https:\/\/encuentroinformativo.com.mx\/index.php?rest_route=\/wp\/v2\/users\/2476"}],"replies":[{"embeddable":true,"href":"https:\/\/encuentroinformativo.com.mx\/index.php?rest_route=%2Fwp%2Fv2%2Fcomments&post=54534"}],"version-history":[{"count":1,"href":"https:\/\/encuentroinformativo.com.mx\/index.php?rest_route=\/wp\/v2\/posts\/54534\/revisions"}],"predecessor-version":[{"id":54536,"href":"https:\/\/encuentroinformativo.com.mx\/index.php?rest_route=\/wp\/v2\/posts\/54534\/revisions\/54536"}],"wp:featuredmedia":[{"embeddable":true,"href":"https:\/\/encuentroinformativo.com.mx\/index.php?rest_route=\/wp\/v2\/media\/54535"}],"wp:attachment":[{"href":"https:\/\/encuentroinformativo.com.mx\/index.php?rest_route=%2Fwp%2Fv2%2Fmedia&parent=54534"}],"wp:term":[{"taxonomy":"category","embeddable":true,"href":"https:\/\/encuentroinformativo.com.mx\/index.php?rest_route=%2Fwp%2Fv2%2Fcategories&post=54534"},{"taxonomy":"post_tag","embeddable":true,"href":"https:\/\/encuentroinformativo.com.mx\/index.php?rest_route=%2Fwp%2Fv2%2Ftags&post=54534"}],"curies":[{"name":"wp","href":"https:\/\/api.w.org\/{rel}","templated":true}]}}